{"id":301653,"date":"2025-02-04T08:21:46","date_gmt":"2025-02-04T07:21:46","guid":{"rendered":"https:\/\/ss-ekonomsko-birotehnicka-sb.skole.hr\/?p=301653"},"modified":"2025-02-04T08:21:46","modified_gmt":"2025-02-04T07:21:46","slug":"mobilnost-partnerske-skole-u-austriji","status":"publish","type":"post","link":"https:\/\/ss-ekonomsko-birotehnicka-sb.skole.hr\/?p=301653","title":{"rendered":"Mobilnost partnerske \u0161kole u Austriji"},"content":{"rendered":"\n[et_pb_section fb_built=&#8221;1&#8243; theme_builder_area=&#8221;post_content&#8221; _builder_version=&#8221;4.25.0&#8243; _module_preset=&#8221;default&#8221;][et_pb_row _builder_version=&#8221;4.25.0&#8243; _module_preset=&#8221;default&#8221; theme_builder_area=&#8221;post_content&#8221;][et_pb_column _builder_version=&#8221;4.25.0&#8243; _module_preset=&#8221;default&#8221; type=&#8221;4_4&#8243; theme_builder_area=&#8221;post_content&#8221;][et_pb_text _builder_version=&#8221;4.25.0&#8243; _module_preset=&#8221;default&#8221; theme_builder_area=&#8221;post_content&#8221; hover_enabled=&#8221;0&#8243; sticky_enabled=&#8221;0&#8243;]<p style=\"text-align: justify\">Pro\u0161loga tjedna u na\u0161oj \u0161koli boravili su u\u010denici i profesorice iz partnerske \u0161kole <em>Die Schule f\u00fcr Business und Lifestyle<\/em> iz Fohnsdorfa, Austrija.\u00a0Nakon prvoga dana ispunjenoga aktivnostima, u\u010denici su boravili na nastavi koju su nastavnice i nastavnici, uz pomo\u0107 na\u0161ih u\u010denika, izvodili na engleskom jeziku i tako maksimalno u nastavni proces i sve aktivnosti uklju\u010dili i na\u0161e goste.<\/p>\n<p style=\"text-align: justify\">Radio92 FM primio je na\u0161e goste, a djelatnici radija, Tomislav Goll i Irena Vukas \u00c7ufalar, pokazali su im kako pripremaju emisije.\u00a0U \u0161koli je za u\u010denike organizirana i kreativna radionica oslikavanja staklenih boca slavonskim motivima. Tako su u\u010denici ponijeli ku\u0107i suvenire koje su sami izradili.<\/p>\n<p style=\"text-align: justify\">Doma\u0107instvo u\u010denicima iz partnerske \u0161kole bilo je prekrasno iskustvo za cijelu \u0161kolu. Zahvaljujem svima koji su na bilo koji na\u010din sudjelovali u raznim aktivnostima s na\u0161im gostima i doprinijeli da se osje\u0107aju kao kod ku\u0107e. Tijekom evaluacijskog sastanka, dobili smo samo pohvale za organizaciju svih aktivnosti! To nam je vjetar u le\u0111a za budu\u0107e mobilnosti u sklopu Erasmus+ akreditacije.\u00a0<\/p>\n<p style=\"text-align: right\">Koordinatorica projekta:<\/p>\n<p style=\"text-align: right\">mr.sc. Mirta Kos Kolobari\u0107,\u00a0prof. izvrsni savjetnik<\/p>[\/et_pb_text][\/et_pb_column][\/et_pb_row][et_pb_row _builder_version=&#8221;4.25.0&#8243; _module_preset=&#8221;default&#8221; theme_builder_area=&#8221;post_content&#8221;][et_pb_column _builder_version=&#8221;4.25.0&#8243; _module_preset=&#8221;default&#8221; type=&#8221;4_4&#8243; theme_builder_area=&#8221;post_content&#8221;][et_pb_gallery _builder_version=&#8221;4.25.0&#8243; _module_preset=&#8221;default&#8221; theme_builder_area=&#8221;post_content&#8221; gallery_ids=&#8221;301662,301665,301668,301671,301674,301677,301680,301683,301686,301689,301692,301695,301698&#8243; hover_enabled=&#8221;0&#8243; sticky_enabled=&#8221;0&#8243; show_title_and_caption=&#8221;off&#8221;][\/et_pb_gallery][\/et_pb_column][\/et_pb_row][\/et_pb_section]\n","protected":false},"excerpt":{"rendered":"<p>Pro\u0161loga tjedna u na\u0161oj \u0161koli boravili su u\u010denici i profesorice iz partnerske \u0161kole Die Schule f\u00fcr Business und Lifestyle iz Fohnsdorfa, Austrija.\u00a0Nakon prvoga dana ispunjenoga aktivnostima, u\u010denici su boravili na nastavi koju su nastavnice i nastavnici, uz pomo\u0107 na\u0161ih u\u010denika, izvodili na engleskom jeziku i tako maksimalno u nastavni proces i sve aktivnosti uklju\u010dili i [&hellip;]<\/p>\n","protected":false},"author":826,"featured_media":0,"comment_status":"closed","ping_status":"closed","sticky":false,"template":"","format":"standard","meta":{"_et_pb_use_builder":"on","_et_pb_old_content":"","_et_gb_content_width":"","footnotes":""},"categories":[132,38],"tags":[],"class_list":["post-301653","post","type-post","status-publish","format-standard","hentry","category-projekt-1-opce-obr","category-vijesti"],"_links":{"self":[{"href":"https:\/\/ss-ekonomsko-birotehnicka-sb.skole.hr\/index.php?rest_route=\/wp\/v2\/posts\/301653","targetHints":{"allow":["GET"]}}],"collection":[{"href":"https:\/\/ss-ekonomsko-birotehnicka-sb.skole.hr\/index.php?rest_route=\/wp\/v2\/posts"}],"about":[{"href":"https:\/\/ss-ekonomsko-birotehnicka-sb.skole.hr\/index.php?rest_route=\/wp\/v2\/types\/post"}],"author":[{"embeddable":true,"href":"https:\/\/ss-ekonomsko-birotehnicka-sb.skole.hr\/index.php?rest_route=\/wp\/v2\/users\/826"}],"replies":[{"embeddable":true,"href":"https:\/\/ss-ekonomsko-birotehnicka-sb.skole.hr\/index.php?rest_route=%2Fwp%2Fv2%2Fcomments&post=301653"}],"version-history":[{"count":3,"href":"https:\/\/ss-ekonomsko-birotehnicka-sb.skole.hr\/index.php?rest_route=\/wp\/v2\/posts\/301653\/revisions"}],"predecessor-version":[{"id":301707,"href":"https:\/\/ss-ekonomsko-birotehnicka-sb.skole.hr\/index.php?rest_route=\/wp\/v2\/posts\/301653\/revisions\/301707"}],"wp:attachment":[{"href":"https:\/\/ss-ekonomsko-birotehnicka-sb.skole.hr\/index.php?rest_route=%2Fwp%2Fv2%2Fmedia&parent=301653"}],"wp:term":[{"taxonomy":"category","embeddable":true,"href":"https:\/\/ss-ekonomsko-birotehnicka-sb.skole.hr\/index.php?rest_route=%2Fwp%2Fv2%2Fcategories&post=301653"},{"taxonomy":"post_tag","embeddable":true,"href":"https:\/\/ss-ekonomsko-birotehnicka-sb.skole.hr\/index.php?rest_route=%2Fwp%2Fv2%2Ftags&post=301653"}],"curies":[{"name":"wp","href":"https:\/\/api.w.org\/{rel}","templated":true}]}}