{"id":302163,"date":"2025-03-03T10:21:07","date_gmt":"2025-03-03T09:21:07","guid":{"rendered":"https:\/\/ss-ekonomsko-birotehnicka-sb.skole.hr\/?p=302163"},"modified":"2025-03-03T10:21:07","modified_gmt":"2025-03-03T09:21:07","slug":"edukacije-za-strukovne-nastavnike","status":"publish","type":"post","link":"https:\/\/ss-ekonomsko-birotehnicka-sb.skole.hr\/?p=302163","title":{"rendered":"Edukacije za strukovne nastavnike"},"content":{"rendered":"<p>[et_pb_section fb_built=&#8221;1&#8243; theme_builder_area=&#8221;post_content&#8221; _builder_version=&#8221;4.25.0&#8243; _module_preset=&#8221;default&#8221;][et_pb_row _builder_version=&#8221;4.25.0&#8243; _module_preset=&#8221;default&#8221; theme_builder_area=&#8221;post_content&#8221;][et_pb_column _builder_version=&#8221;4.25.0&#8243; _module_preset=&#8221;default&#8221; type=&#8221;4_4&#8243; theme_builder_area=&#8221;post_content&#8221;][et_pb_text _builder_version=&#8221;4.25.0&#8243; _module_preset=&#8221;default&#8221; theme_builder_area=&#8221;post_content&#8221; hover_enabled=&#8221;0&#8243; sticky_enabled=&#8221;0&#8243;]<\/p>\n<p style=\"text-align: justify\">Za vrijeme drugog dijela zimskih praznika za u\u010denike, od 24. do 28. velja\u010de 2025., u Ekonomsko-birotehni\u010dkoj \u0161koli odr\u017eane su edukacije za 19 nastavnika u sklopu prvog akreditiranog strukovnog Erasmus+ projekta (2024-1-HR01-KA121-VET-000203833).<\/p>\n<p style=\"text-align: justify\">Edukacije je odr\u017eala profesorica ekonomske grupe predmeta Marina Zlatanovi\u0107 iz Ekonomske i trgovinske \u0161kole Smederevo. Profesorica je u ulozi pozvanog stru\u010dnjaka kroz cijeli tjedan obu\u010davala na\u0161e profesore strukovnih predmeta, a pridru\u017eilo im se i nekoliko zainteresiranih op\u0107eobrazovnih profesora. Tema edukacije bila je Upotreba virtualne stvarnosti i umjetne inteligencije u nastavi, te su na\u0161i profesori na konkretnim primjerima i zadacima imali priliku isprobati konkretne na\u010dine primjene novih tehnologija u nastavi. Imali su priliku i isprobati VR nao\u010dale te u koje se sve svrhe mogu primijeniti u nastavi kako bi u\u010denicima pribli\u017eili sadr\u017eaje, osuvremenili nastavu i vi\u0161e zainteresirali u\u010denike za nastavu. Edukacija je namijenjena prvenstveno nastavnicima strukovnih predmeta te su i zadaci i primjeri bili prilago\u0111eni prema predmetnim podru\u010djima za na\u0161u \u0161kolu: administracija, <em>online<\/em> trgovina, ekonomija, marketing, poduzetni\u0161tvo te turizam.<\/p>\n<p style=\"text-align: justify\">Profesori su kroz evaluaciju izrazili veliko zadovoljstvo odabirom teme, predava\u010dicom i konkretnim primjerima i materijalima. Nadamo se da \u0107e primjenom nau\u010denog u razredu zainteresirati i u\u010denike za upotrebu novih tehnologija u obradi nastavnih sadr\u017eaja.<\/p>\n<p style=\"text-align: right\">Marija Deankovi\u0107, koordinatorica projekta<\/p>\n<p>[\/et_pb_text][\/et_pb_column][\/et_pb_row][et_pb_row _builder_version=&#8221;4.25.0&#8243; _module_preset=&#8221;default&#8221; theme_builder_area=&#8221;post_content&#8221;][et_pb_column _builder_version=&#8221;4.25.0&#8243; _module_preset=&#8221;default&#8221; type=&#8221;4_4&#8243; theme_builder_area=&#8221;post_content&#8221;][et_pb_gallery _builder_version=&#8221;4.25.0&#8243; _module_preset=&#8221;default&#8221; theme_builder_area=&#8221;post_content&#8221; gallery_ids=&#8221;302172,302175,302178,302181,302184,302187,302190,302193,302196&#8243; hover_enabled=&#8221;0&#8243; sticky_enabled=&#8221;0&#8243; show_title_and_caption=&#8221;off&#8221;][\/et_pb_gallery][\/et_pb_column][\/et_pb_row][\/et_pb_section]<\/p>\n","protected":false},"excerpt":{"rendered":"<p>Za vrijeme drugog dijela zimskih praznika za u\u010denike, od 24. do 28. velja\u010de 2025., u Ekonomsko-birotehni\u010dkoj \u0161koli odr\u017eane su edukacije za 19 nastavnika u sklopu prvog akreditiranog strukovnog Erasmus+ projekta (2024-1-HR01-KA121-VET-000203833). Edukacije je odr\u017eala profesorica ekonomske grupe predmeta Marina Zlatanovi\u0107 iz Ekonomske i trgovinske \u0161kole Smederevo. Profesorica je u ulozi pozvanog stru\u010dnjaka kroz cijeli tjedan [&hellip;]<\/p>\n","protected":false},"author":826,"featured_media":0,"comment_status":"closed","ping_status":"closed","sticky":false,"template":"","format":"standard","meta":{"_et_pb_use_builder":"on","_et_pb_old_content":"","_et_gb_content_width":"","footnotes":""},"categories":[135,38],"tags":[],"class_list":["post-302163","post","type-post","status-publish","format-standard","hentry","category-projekt-1-strukovno-obr","category-vijesti"],"_links":{"self":[{"href":"https:\/\/ss-ekonomsko-birotehnicka-sb.skole.hr\/index.php?rest_route=\/wp\/v2\/posts\/302163","targetHints":{"allow":["GET"]}}],"collection":[{"href":"https:\/\/ss-ekonomsko-birotehnicka-sb.skole.hr\/index.php?rest_route=\/wp\/v2\/posts"}],"about":[{"href":"https:\/\/ss-ekonomsko-birotehnicka-sb.skole.hr\/index.php?rest_route=\/wp\/v2\/types\/post"}],"author":[{"embeddable":true,"href":"https:\/\/ss-ekonomsko-birotehnicka-sb.skole.hr\/index.php?rest_route=\/wp\/v2\/users\/826"}],"replies":[{"embeddable":true,"href":"https:\/\/ss-ekonomsko-birotehnicka-sb.skole.hr\/index.php?rest_route=%2Fwp%2Fv2%2Fcomments&post=302163"}],"version-history":[{"count":3,"href":"https:\/\/ss-ekonomsko-birotehnicka-sb.skole.hr\/index.php?rest_route=\/wp\/v2\/posts\/302163\/revisions"}],"predecessor-version":[{"id":302205,"href":"https:\/\/ss-ekonomsko-birotehnicka-sb.skole.hr\/index.php?rest_route=\/wp\/v2\/posts\/302163\/revisions\/302205"}],"wp:attachment":[{"href":"https:\/\/ss-ekonomsko-birotehnicka-sb.skole.hr\/index.php?rest_route=%2Fwp%2Fv2%2Fmedia&parent=302163"}],"wp:term":[{"taxonomy":"category","embeddable":true,"href":"https:\/\/ss-ekonomsko-birotehnicka-sb.skole.hr\/index.php?rest_route=%2Fwp%2Fv2%2Fcategories&post=302163"},{"taxonomy":"post_tag","embeddable":true,"href":"https:\/\/ss-ekonomsko-birotehnicka-sb.skole.hr\/index.php?rest_route=%2Fwp%2Fv2%2Ftags&post=302163"}],"curies":[{"name":"wp","href":"https:\/\/api.w.org\/{rel}","templated":true}]}}