{"id":303246,"date":"2025-04-11T12:20:01","date_gmt":"2025-04-11T10:20:01","guid":{"rendered":"https:\/\/ss-ekonomsko-birotehnicka-sb.skole.hr\/?p=303246"},"modified":"2025-04-11T12:28:06","modified_gmt":"2025-04-11T10:28:06","slug":"dan-otvorenih-vrata-2025","status":"publish","type":"post","link":"https:\/\/ss-ekonomsko-birotehnicka-sb.skole.hr\/?p=303246","title":{"rendered":"Dan otvorenih vrata 2025."},"content":{"rendered":"<p>[et_pb_section fb_built=&#8221;1&#8243; _builder_version=&#8221;4.25.0&#8243; _module_preset=&#8221;default&#8221; global_colors_info=&#8221;{}&#8221; theme_builder_area=&#8221;post_content&#8221;][et_pb_row column_structure=&#8221;3_5,2_5&#8243; _builder_version=&#8221;4.25.0&#8243; _module_preset=&#8221;default&#8221; global_colors_info=&#8221;{}&#8221; theme_builder_area=&#8221;post_content&#8221;][et_pb_column type=&#8221;3_5&#8243; _builder_version=&#8221;4.25.0&#8243; _module_preset=&#8221;default&#8221; global_colors_info=&#8221;{}&#8221; theme_builder_area=&#8221;post_content&#8221;][et_pb_text _builder_version=&#8221;4.25.0&#8243; _module_preset=&#8221;default&#8221; hover_enabled=&#8221;0&#8243; global_colors_info=&#8221;{}&#8221; theme_builder_area=&#8221;post_content&#8221; sticky_enabled=&#8221;0&#8243;]<\/p>\n<p style=\"text-align: justify\">U petak, 11. travnja, smo pozvali u\u010denike osmih razreda osnovnih \u0161kola kako bismo im predstavili koje nastavne i izvannastavne sadr\u017eaje nudi Ekonomsko-birotehni\u010dka \u0161kola.<\/p>\n<p style=\"text-align: justify\">Vi\u0161e od 100 u\u010denika iz 15 osnovnih \u0161kola s podru\u010dja Slavonskog Broda i Brodsko-posavske \u017eupanije posjetilo nas je kako bi se informirali i upoznali sa \u0161kolskim programima i aktivnostima i tako si mo\u017eda olak\u0161ali va\u017enu odluku o odabiru srednje \u0161kole. Do\u010dekao ih je ravnatelj \u0161kole Mato \u010caklovac sa stru\u010dnim suradnicama \u0161kole te upoznao s novostima koje se o\u010dekuju u strukovnim \u0161kolama u najavljenoj reformi strukovnih kurikula. Nakon ravnatelja, na\u0161i su u\u010denici predstavili svoja zanimanja, ali i dodatne aktivnosti u kojima sudjeluju. Tako su u\u010denici predstavili i Erasmus+ projekte koje \u0161kola provodi, EPAS program te \u0160kolski volonterski klub \u201eKapi volje\u201c.<\/p>\n<p style=\"text-align: justify\">Nakon prezentacija, na\u0161i su gosti imali priliku posjetiti i Sajam vje\u017ebeni\u010dkih tvrtki koji se u to vrijeme odr\u017eavao u \u0161kolskom holu. Tako su odmah imali priliku i vidjeti \u0161to to na\u0161i u\u010denici rade na nastavi i kako nau\u010dena znanja prakti\u010dno primjenjuju.<\/p>\n<p style=\"text-align: justify\">Zahvaljujemo svim u\u010denicima, roditeljima, nastavnicima i stru\u010dnim suradnicima koji su nas do\u0161li posjetiti!<\/p>\n<p>[\/et_pb_text][\/et_pb_column][et_pb_column type=&#8221;2_5&#8243; _builder_version=&#8221;4.25.0&#8243; _module_preset=&#8221;default&#8221; global_colors_info=&#8221;{}&#8221; theme_builder_area=&#8221;post_content&#8221;][et_pb_gallery gallery_ids=&#8221;303282,303279,303276,303273,303270,303267,303264,303261,303258,303255,303285,303288,303252&#8243; fullwidth=&#8221;on&#8221; _builder_version=&#8221;4.25.0&#8243; _module_preset=&#8221;default&#8221; global_colors_info=&#8221;{}&#8221; theme_builder_area=&#8221;post_content&#8221;][\/et_pb_gallery][\/et_pb_column][\/et_pb_row][\/et_pb_section]<\/p>\n","protected":false},"excerpt":{"rendered":"<p>U petak, 11. travnja, smo pozvali u\u010denike osmih razreda osnovnih \u0161kola kako bismo im predstavili koje nastavne i izvannastavne sadr\u017eaje nudi Ekonomsko-birotehni\u010dka \u0161kola. Vi\u0161e od 100 u\u010denika iz 15 osnovnih \u0161kola s podru\u010dja Slavonskog Broda i Brodsko-posavske \u017eupanije posjetilo nas je kako bi se informirali i upoznali sa \u0161kolskim programima i aktivnostima i tako si [&hellip;]<\/p>\n","protected":false},"author":826,"featured_media":0,"comment_status":"closed","ping_status":"closed","sticky":false,"template":"","format":"standard","meta":{"_et_pb_use_builder":"on","_et_pb_old_content":"","_et_gb_content_width":"","footnotes":""},"categories":[38],"tags":[],"class_list":["post-303246","post","type-post","status-publish","format-standard","hentry","category-vijesti"],"_links":{"self":[{"href":"https:\/\/ss-ekonomsko-birotehnicka-sb.skole.hr\/index.php?rest_route=\/wp\/v2\/posts\/303246","targetHints":{"allow":["GET"]}}],"collection":[{"href":"https:\/\/ss-ekonomsko-birotehnicka-sb.skole.hr\/index.php?rest_route=\/wp\/v2\/posts"}],"about":[{"href":"https:\/\/ss-ekonomsko-birotehnicka-sb.skole.hr\/index.php?rest_route=\/wp\/v2\/types\/post"}],"author":[{"embeddable":true,"href":"https:\/\/ss-ekonomsko-birotehnicka-sb.skole.hr\/index.php?rest_route=\/wp\/v2\/users\/826"}],"replies":[{"embeddable":true,"href":"https:\/\/ss-ekonomsko-birotehnicka-sb.skole.hr\/index.php?rest_route=%2Fwp%2Fv2%2Fcomments&post=303246"}],"version-history":[{"count":3,"href":"https:\/\/ss-ekonomsko-birotehnicka-sb.skole.hr\/index.php?rest_route=\/wp\/v2\/posts\/303246\/revisions"}],"predecessor-version":[{"id":303297,"href":"https:\/\/ss-ekonomsko-birotehnicka-sb.skole.hr\/index.php?rest_route=\/wp\/v2\/posts\/303246\/revisions\/303297"}],"wp:attachment":[{"href":"https:\/\/ss-ekonomsko-birotehnicka-sb.skole.hr\/index.php?rest_route=%2Fwp%2Fv2%2Fmedia&parent=303246"}],"wp:term":[{"taxonomy":"category","embeddable":true,"href":"https:\/\/ss-ekonomsko-birotehnicka-sb.skole.hr\/index.php?rest_route=%2Fwp%2Fv2%2Fcategories&post=303246"},{"taxonomy":"post_tag","embeddable":true,"href":"https:\/\/ss-ekonomsko-birotehnicka-sb.skole.hr\/index.php?rest_route=%2Fwp%2Fv2%2Ftags&post=303246"}],"curies":[{"name":"wp","href":"https:\/\/api.w.org\/{rel}","templated":true}]}}