{"id":304471,"date":"2025-06-06T10:33:49","date_gmt":"2025-06-06T08:33:49","guid":{"rendered":"https:\/\/ss-ekonomsko-birotehnicka-sb.skole.hr\/?p=304471"},"modified":"2025-06-09T10:34:22","modified_gmt":"2025-06-09T08:34:22","slug":"pripremni-posjet-u-austriji-vet-projekti","status":"publish","type":"post","link":"https:\/\/ss-ekonomsko-birotehnicka-sb.skole.hr\/?p=304471","title":{"rendered":"Pripremni posjet u Austriji (VET projekti)"},"content":{"rendered":"<p>[et_pb_section fb_built=&#8221;1&#8243; theme_builder_area=&#8221;post_content&#8221; _builder_version=&#8221;4.25.0&#8243; _module_preset=&#8221;default&#8221;][et_pb_row _builder_version=&#8221;4.25.0&#8243; _module_preset=&#8221;default&#8221; theme_builder_area=&#8221;post_content&#8221;][et_pb_column _builder_version=&#8221;4.25.0&#8243; _module_preset=&#8221;default&#8221; type=&#8221;4_4&#8243; theme_builder_area=&#8221;post_content&#8221;][et_pb_text _builder_version=&#8221;4.25.0&#8243; _module_preset=&#8221;default&#8221; theme_builder_area=&#8221;post_content&#8221; hover_enabled=&#8221;0&#8243; sticky_enabled=&#8221;0&#8243;]<\/p>\n<p style=\"text-align: justify\"><strong>Pripremni posjet u sklopu projekta 2024-1-HR01-KA121-VET-000203833<\/strong><\/p>\n<p style=\"text-align: justify\"><strong>Fohnsdorf, 1. do 3. lipnja 2025.<\/strong><\/p>\n<p style=\"text-align: justify\">U razdoblju od 1. do 3. lipnja 2025. godine ravnatelj \u0161kole, Mato \u010caklovac, Maja Antolovi\u0107, nastavnica ekonomske grupe predmeta, te \u00a0prof. Mirta Kos Kolobari\u0107, projektna koordinatorica Erasmus akreditacije za op\u0107e obrazovanje bili su u pripremnom posjetu H\u00f6here Bundeslehranstalt f\u00fcr wirtschaftliche Berufe u Fohnsdorfu.<\/p>\n<p style=\"text-align: justify\">Svrha pripremnog posjeta je rasprava i dogovor o svim aspektima vezanim uz <em>job shadowing<\/em> za strukovne nastavnike u sljede\u0107em Erasmus+ projektu, definiranje odgovornosti svih partnera i priprema plana za evaluaciju i mjerenje u\u010dinka.<\/p>\n<p style=\"text-align: justify\">U partnerskoj \u0161koli do\u010dekali su nas ravnatelj Friedrich Spies i Maria Duschek, projektna koordinatorica. Na sastancima s njima dogovoreni su gotovo svi aspekti vezani uz mobilnost strukovnih nastavnika -okvirni termin mobilnosti, broj sudionika, radno vrijeme i odgovornosti nastavnika, podru\u010dja strukovnih predmeta koja \u0107e se obra\u0111ivati, na \u0161to \u0107e to\u010dno biti usmjereno pra\u0107enje nastave (nastavne metode, strukovni sadr\u017eaj, aktualnost sadr\u017eaja u odnosu na tr\u017ei\u0161te rada i sl.) te definiranje jezika mobilnosti.<\/p>\n<p style=\"text-align: justify\">Pripremni posjet je uspje\u0161no proveden, te su ostvareni dogovoreni ciljevi.<\/p>\n<p style=\"text-align: justify\">Radujemo se budu\u0107oj suradnji!<\/p>\n<p style=\"text-align: right\">\u00a0\u00a0\u00a0\u00a0\u00a0\u00a0\u00a0\u00a0\u00a0\u00a0\u00a0\u00a0\u00a0\u00a0\u00a0\u00a0\u00a0\u00a0\u00a0\u00a0\u00a0\u00a0\u00a0\u00a0\u00a0\u00a0\u00a0\u00a0\u00a0\u00a0\u00a0\u00a0\u00a0\u00a0\u00a0\u00a0\u00a0\u00a0\u00a0\u00a0\u00a0\u00a0\u00a0\u00a0\u00a0\u00a0\u00a0\u00a0\u00a0\u00a0\u00a0\u00a0\u00a0\u00a0\u00a0\u00a0\u00a0\u00a0\u00a0\u00a0\u00a0\u00a0\u00a0\u00a0\u00a0\u00a0\u00a0\u00a0\u00a0\u00a0\u00a0\u00a0\u00a0\u00a0\u00a0\u00a0\u00a0\u00a0\u00a0\u00a0\u00a0\u00a0\u00a0\u00a0\u00a0\u00a0\u00a0\u00a0\u00a0\u00a0\u00a0\u00a0\u00a0\u00a0\u00a0\u00a0\u00a0\u00a0\u00a0\u00a0\u00a0\u00a0\u00a0\u00a0\u00a0\u00a0\u00a0\u00a0\u00a0 Maja Antolovi\u0107, prof.<\/p>\n<p>[\/et_pb_text][\/et_pb_column][\/et_pb_row][et_pb_row _builder_version=&#8221;4.25.0&#8243; _module_preset=&#8221;default&#8221; theme_builder_area=&#8221;post_content&#8221;][et_pb_column _builder_version=&#8221;4.25.0&#8243; _module_preset=&#8221;default&#8221; type=&#8221;4_4&#8243; theme_builder_area=&#8221;post_content&#8221;][et_pb_gallery _builder_version=&#8221;4.25.0&#8243; _module_preset=&#8221;default&#8221; theme_builder_area=&#8221;post_content&#8221; gallery_ids=&#8221;304495,304498,304501&#8243; posts_number=&#8221;3&#8243; hover_enabled=&#8221;0&#8243; sticky_enabled=&#8221;0&#8243; show_title_and_caption=&#8221;off&#8221;][\/et_pb_gallery][\/et_pb_column][\/et_pb_row][\/et_pb_section]<\/p>\n","protected":false},"excerpt":{"rendered":"<p>Pripremni posjet u sklopu projekta 2024-1-HR01-KA121-VET-000203833 Fohnsdorf, 1. do 3. lipnja 2025. U razdoblju od 1. do 3. lipnja 2025. godine ravnatelj \u0161kole, Mato \u010caklovac, Maja Antolovi\u0107, nastavnica ekonomske grupe predmeta, te \u00a0prof. Mirta Kos Kolobari\u0107, projektna koordinatorica Erasmus akreditacije za op\u0107e obrazovanje bili su u pripremnom posjetu H\u00f6here Bundeslehranstalt f\u00fcr wirtschaftliche Berufe u Fohnsdorfu. [&hellip;]<\/p>\n","protected":false},"author":826,"featured_media":0,"comment_status":"closed","ping_status":"closed","sticky":false,"template":"","format":"standard","meta":{"_et_pb_use_builder":"on","_et_pb_old_content":"","_et_gb_content_width":"","footnotes":""},"categories":[135,38],"tags":[],"class_list":["post-304471","post","type-post","status-publish","format-standard","hentry","category-projekt-1-strukovno-obr","category-vijesti"],"_links":{"self":[{"href":"https:\/\/ss-ekonomsko-birotehnicka-sb.skole.hr\/index.php?rest_route=\/wp\/v2\/posts\/304471","targetHints":{"allow":["GET"]}}],"collection":[{"href":"https:\/\/ss-ekonomsko-birotehnicka-sb.skole.hr\/index.php?rest_route=\/wp\/v2\/posts"}],"about":[{"href":"https:\/\/ss-ekonomsko-birotehnicka-sb.skole.hr\/index.php?rest_route=\/wp\/v2\/types\/post"}],"author":[{"embeddable":true,"href":"https:\/\/ss-ekonomsko-birotehnicka-sb.skole.hr\/index.php?rest_route=\/wp\/v2\/users\/826"}],"replies":[{"embeddable":true,"href":"https:\/\/ss-ekonomsko-birotehnicka-sb.skole.hr\/index.php?rest_route=%2Fwp%2Fv2%2Fcomments&post=304471"}],"version-history":[{"count":2,"href":"https:\/\/ss-ekonomsko-birotehnicka-sb.skole.hr\/index.php?rest_route=\/wp\/v2\/posts\/304471\/revisions"}],"predecessor-version":[{"id":304504,"href":"https:\/\/ss-ekonomsko-birotehnicka-sb.skole.hr\/index.php?rest_route=\/wp\/v2\/posts\/304471\/revisions\/304504"}],"wp:attachment":[{"href":"https:\/\/ss-ekonomsko-birotehnicka-sb.skole.hr\/index.php?rest_route=%2Fwp%2Fv2%2Fmedia&parent=304471"}],"wp:term":[{"taxonomy":"category","embeddable":true,"href":"https:\/\/ss-ekonomsko-birotehnicka-sb.skole.hr\/index.php?rest_route=%2Fwp%2Fv2%2Fcategories&post=304471"},{"taxonomy":"post_tag","embeddable":true,"href":"https:\/\/ss-ekonomsko-birotehnicka-sb.skole.hr\/index.php?rest_route=%2Fwp%2Fv2%2Ftags&post=304471"}],"curies":[{"name":"wp","href":"https:\/\/api.w.org\/{rel}","templated":true}]}}