{"id":304516,"date":"2025-06-12T11:26:06","date_gmt":"2025-06-12T09:26:06","guid":{"rendered":"https:\/\/ss-ekonomsko-birotehnicka-sb.skole.hr\/?p=304516"},"modified":"2025-06-12T11:30:49","modified_gmt":"2025-06-12T09:30:49","slug":"7-antunovski-hod-mladih-2025","status":"publish","type":"post","link":"https:\/\/ss-ekonomsko-birotehnicka-sb.skole.hr\/?p=304516","title":{"rendered":"7. Antunovski hod mladih 2025."},"content":{"rendered":"<p>[et_pb_section fb_built=&#8221;1&#8243; _builder_version=&#8221;4.25.0&#8243; _module_preset=&#8221;default&#8221; global_colors_info=&#8221;{}&#8221; theme_builder_area=&#8221;post_content&#8221;][et_pb_row _builder_version=&#8221;4.25.0&#8243; _module_preset=&#8221;default&#8221; global_colors_info=&#8221;{}&#8221; theme_builder_area=&#8221;post_content&#8221;][et_pb_column type=&#8221;4_4&#8243; _builder_version=&#8221;4.25.0&#8243; _module_preset=&#8221;default&#8221; global_colors_info=&#8221;{}&#8221; theme_builder_area=&#8221;post_content&#8221;][et_pb_text _builder_version=&#8221;4.25.0&#8243; _module_preset=&#8221;default&#8221; hover_enabled=&#8221;0&#8243; global_colors_info=&#8221;{}&#8221; theme_builder_area=&#8221;post_content&#8221; sticky_enabled=&#8221;0&#8243;]<\/p>\n<p style=\"text-align: justify\">U subotu 7. lipnja 2025. odr\u017ean je sedmi po redu Antunovski hod mladih. U suorganizaciji s Klasi\u010dnom gimnazijom fra Marijana Lanosovi\u0107a s pravom javnosti i voditeljicom puta s. Suzanom Crn\u010dec i Nives Plazani\u0107 te u pratnji prof. Zvonimira Maji\u0107a i vjerou\u010diteljice Mihaele Mari\u010devi\u0107, na\u0161e u\u010denice: Ema Opa\u010dak i Hanna Vukovi\u0107 iz 1. C, Ana Lekaj i Veronika Marjanovi\u0107 iz 1. F, Terezija Kraja\u010di\u0107 iz 2. D i Dominika Plazani\u0107 iz 2. E sudjelovale su u hodo\u010da\u0161\u0107u Antunovski hod mladih.<\/p>\n<p style=\"text-align: justify\">Antunovski hod mladih organizira Centar za duhovna zvanja Hrvatske Provincije sv. Jeronima franjevaca konventualaca na \u010delu s fra Stjepanom Br\u010dinom. Nastao je po uzoru na padovanski \u201eCammino di sant&#8217;Antonio\u201c koji se svake godine odr\u017eava u Sjevernoj Italiji. Cilj je bio, povezuju\u0107i dva Antunova sveti\u0161ta \u2013 isto\u010dno u Sesvetskim Selima (\u017eupa u kojoj je ministrirao i na\u0161 reprezentativac Mateo Kova\u010di\u0107) i zapadno na Svetom Duhu \u2013 pro\u0161iriti, posebno me\u0111u mla\u0111om populacijom, \u0161tovanje sv. Antuna Padovanskoga. Hod je jedan od pripremnih doga\u0111aja za svetkovinu Sv. Atuna, 13. lipnja, te se odr\u017eava u subotu prije toga dana.<\/p>\n<p style=\"text-align: justify\">Ovim Hodom pru\u017eili smo u\u010denicima mogu\u0107nost da u jednom danu stave naglasak na dva velika izazova srednjo\u0161kolskih dana: kretanje i duhovnu otvorenost. Na\u0161i u\u010denici su u zajedni\u0161tvu s u\u010denicima Klasi\u010dne gimnazije i brojnih mladih (oko 15 000) uspje\u0161no, unato\u010d vru\u0107ini, prehodali oko 15 km i bez \u017euljeva, gr\u010deva mi\u0161i\u0107a i mrmljanja objedinili rekreativno i duhovno iskustvo. Svjesni ulo\u017eenog napora, okupani rado\u0161\u0107u i milostima koje su nam darovane toga dana uo\u010di blagdana Duhova, 2. po zna\u010daju i va\u017enosti u kr\u0161\u0107anstvu \u017eeljni smo ponoviti ovo iskustvo i slijede\u0107e \u0161kolske godine.<\/p>\n<p style=\"text-align: justify\">Sv. Antun, omiljeni svetac svega svijeta neka nas zagovara u na\u0161im potrebama koje smo nosili tijekom hoda i neka nam izmoli otvorenost u tra\u017eenju blizine s Gospodinom Isusom Kristom. Ana L. svjedo\u010di kako joj je Hod bio iskustvo za pam\u0107enje, odli\u010dan provod i voljela bi ga ponoviti. Veroniki M. je bilo zabavno, osobito na Trgu bana Jela\u010di\u0107a. Dominika P. poziva sve u\u010denike \u0161kole da si nagodinu priu\u0161te ovakav radostan izazov.<\/p>\n<p style=\"text-align: right\">Mihaela Mari\u010devi\u0107, prof.<\/p>\n<p>[\/et_pb_text][\/et_pb_column][\/et_pb_row][et_pb_row _builder_version=&#8221;4.25.0&#8243; _module_preset=&#8221;default&#8221; global_colors_info=&#8221;{}&#8221; theme_builder_area=&#8221;post_content&#8221;][et_pb_column type=&#8221;4_4&#8243; _builder_version=&#8221;4.25.0&#8243; _module_preset=&#8221;default&#8221; global_colors_info=&#8221;{}&#8221; theme_builder_area=&#8221;post_content&#8221;][et_pb_gallery gallery_ids=&#8221;304525,304528,304531,304534,304537,304540,304543,304546,304549,304552&#8243; show_title_and_caption=&#8221;off&#8221; _builder_version=&#8221;4.25.0&#8243; _module_preset=&#8221;default&#8221; global_colors_info=&#8221;{}&#8221; theme_builder_area=&#8221;post_content&#8221;][\/et_pb_gallery][\/et_pb_column][\/et_pb_row][\/et_pb_section]<\/p>\n","protected":false},"excerpt":{"rendered":"<p>U subotu 7. lipnja 2025. odr\u017ean je sedmi po redu Antunovski hod mladih. U suorganizaciji s Klasi\u010dnom gimnazijom fra Marijana Lanosovi\u0107a s pravom javnosti i voditeljicom puta s. Suzanom Crn\u010dec i Nives Plazani\u0107 te u pratnji prof. Zvonimira Maji\u0107a i vjerou\u010diteljice Mihaele Mari\u010devi\u0107, na\u0161e u\u010denice: Ema Opa\u010dak i Hanna Vukovi\u0107 iz 1. C, Ana Lekaj [&hellip;]<\/p>\n","protected":false},"author":826,"featured_media":0,"comment_status":"closed","ping_status":"closed","sticky":false,"template":"","format":"standard","meta":{"_et_pb_use_builder":"on","_et_pb_old_content":"","_et_gb_content_width":"","footnotes":""},"categories":[85,38],"tags":[],"class_list":["post-304516","post","type-post","status-publish","format-standard","hentry","category-drustvena-grupa-predmeta-i-tzk","category-vijesti"],"_links":{"self":[{"href":"https:\/\/ss-ekonomsko-birotehnicka-sb.skole.hr\/index.php?rest_route=\/wp\/v2\/posts\/304516","targetHints":{"allow":["GET"]}}],"collection":[{"href":"https:\/\/ss-ekonomsko-birotehnicka-sb.skole.hr\/index.php?rest_route=\/wp\/v2\/posts"}],"about":[{"href":"https:\/\/ss-ekonomsko-birotehnicka-sb.skole.hr\/index.php?rest_route=\/wp\/v2\/types\/post"}],"author":[{"embeddable":true,"href":"https:\/\/ss-ekonomsko-birotehnicka-sb.skole.hr\/index.php?rest_route=\/wp\/v2\/users\/826"}],"replies":[{"embeddable":true,"href":"https:\/\/ss-ekonomsko-birotehnicka-sb.skole.hr\/index.php?rest_route=%2Fwp%2Fv2%2Fcomments&post=304516"}],"version-history":[{"count":3,"href":"https:\/\/ss-ekonomsko-birotehnicka-sb.skole.hr\/index.php?rest_route=\/wp\/v2\/posts\/304516\/revisions"}],"predecessor-version":[{"id":304558,"href":"https:\/\/ss-ekonomsko-birotehnicka-sb.skole.hr\/index.php?rest_route=\/wp\/v2\/posts\/304516\/revisions\/304558"}],"wp:attachment":[{"href":"https:\/\/ss-ekonomsko-birotehnicka-sb.skole.hr\/index.php?rest_route=%2Fwp%2Fv2%2Fmedia&parent=304516"}],"wp:term":[{"taxonomy":"category","embeddable":true,"href":"https:\/\/ss-ekonomsko-birotehnicka-sb.skole.hr\/index.php?rest_route=%2Fwp%2Fv2%2Fcategories&post=304516"},{"taxonomy":"post_tag","embeddable":true,"href":"https:\/\/ss-ekonomsko-birotehnicka-sb.skole.hr\/index.php?rest_route=%2Fwp%2Fv2%2Ftags&post=304516"}],"curies":[{"name":"wp","href":"https:\/\/api.w.org\/{rel}","templated":true}]}}