{"id":304609,"date":"2025-06-13T09:39:00","date_gmt":"2025-06-13T07:39:00","guid":{"rendered":"https:\/\/ss-ekonomsko-birotehnicka-sb.skole.hr\/?p=304609"},"modified":"2025-06-24T12:18:48","modified_gmt":"2025-06-24T10:18:48","slug":"natjecaj-za-upis-u-i-razred-srednje-skole-za-skolsku-godinu-2025-2026","status":"publish","type":"post","link":"https:\/\/ss-ekonomsko-birotehnicka-sb.skole.hr\/?p=304609","title":{"rendered":"NATJE\u010cAJ za upis u I. razred srednje \u0161kole za \u0161kolsku godinu 2025.\/2026."},"content":{"rendered":"<p>[et_pb_section fb_built=&#8221;1&#8243; _builder_version=&#8221;4.25.0&#8243; _module_preset=&#8221;default&#8221; global_colors_info=&#8221;{}&#8221; theme_builder_area=&#8221;post_content&#8221;][et_pb_row _builder_version=&#8221;4.25.0&#8243; _module_preset=&#8221;default&#8221; global_colors_info=&#8221;{}&#8221; theme_builder_area=&#8221;post_content&#8221;][et_pb_column type=&#8221;4_4&#8243; _builder_version=&#8221;4.25.0&#8243; _module_preset=&#8221;default&#8221; global_colors_info=&#8221;{}&#8221; theme_builder_area=&#8221;post_content&#8221;][et_pb_text _builder_version=&#8221;4.25.0&#8243; _module_preset=&#8221;default&#8221; hover_enabled=&#8221;0&#8243; global_colors_info=&#8221;{}&#8221; theme_builder_area=&#8221;post_content&#8221; sticky_enabled=&#8221;0&#8243;]<\/p>\n<p><strong>Ekonomsko-birotehni\u010dka \u0161kola objavljuje natje\u010daj za upis u\u010denika u 1. razred srednje \u0161kole za \u0161kolsku godinu 2025.\/2026.<\/strong><\/p>\n<p><strong>Tekst cijelog natje\u010daja pro\u010ditajte ovdje:<\/strong><strong><\/strong><\/p>\n<p><a href=\"https:\/\/ss-ekonomsko-birotehnicka-sb.skole.hr\/wp-content\/uploads\/sites\/790\/2025\/06\/Natjecaj-za-upis-ucenika-u-I.-razred-za-skolsku-godinu-2025.-2026.-EBS.pdf\" rel=\"attachment wp-att-304684\">Natje\u010daj za upis u\u010denika u I. razred za \u0161kolsku godinu 2025.-2026. EB\u0160<\/a><\/p>\n<p>[\/et_pb_text][\/et_pb_column][\/et_pb_row][\/et_pb_section]<\/p>\n","protected":false},"excerpt":{"rendered":"<p>Ekonomsko-birotehni\u010dka \u0161kola objavljuje natje\u010daj za upis u\u010denika u 1. razred srednje \u0161kole za \u0161kolsku godinu 2025.\/2026. Tekst cijelog natje\u010daja pro\u010ditajte ovdje: Natje\u010daj za upis u\u010denika u I. razred za \u0161kolsku godinu 2025.-2026. EB\u0160<\/p>\n","protected":false},"author":826,"featured_media":0,"comment_status":"closed","ping_status":"closed","sticky":false,"template":"","format":"standard","meta":{"_et_pb_use_builder":"on","_et_pb_old_content":"","_et_gb_content_width":"","footnotes":""},"categories":[38],"tags":[],"class_list":["post-304609","post","type-post","status-publish","format-standard","hentry","category-vijesti"],"_links":{"self":[{"href":"https:\/\/ss-ekonomsko-birotehnicka-sb.skole.hr\/index.php?rest_route=\/wp\/v2\/posts\/304609","targetHints":{"allow":["GET"]}}],"collection":[{"href":"https:\/\/ss-ekonomsko-birotehnicka-sb.skole.hr\/index.php?rest_route=\/wp\/v2\/posts"}],"about":[{"href":"https:\/\/ss-ekonomsko-birotehnicka-sb.skole.hr\/index.php?rest_route=\/wp\/v2\/types\/post"}],"author":[{"embeddable":true,"href":"https:\/\/ss-ekonomsko-birotehnicka-sb.skole.hr\/index.php?rest_route=\/wp\/v2\/users\/826"}],"replies":[{"embeddable":true,"href":"https:\/\/ss-ekonomsko-birotehnicka-sb.skole.hr\/index.php?rest_route=%2Fwp%2Fv2%2Fcomments&post=304609"}],"version-history":[{"count":3,"href":"https:\/\/ss-ekonomsko-birotehnicka-sb.skole.hr\/index.php?rest_route=\/wp\/v2\/posts\/304609\/revisions"}],"predecessor-version":[{"id":304687,"href":"https:\/\/ss-ekonomsko-birotehnicka-sb.skole.hr\/index.php?rest_route=\/wp\/v2\/posts\/304609\/revisions\/304687"}],"wp:attachment":[{"href":"https:\/\/ss-ekonomsko-birotehnicka-sb.skole.hr\/index.php?rest_route=%2Fwp%2Fv2%2Fmedia&parent=304609"}],"wp:term":[{"taxonomy":"category","embeddable":true,"href":"https:\/\/ss-ekonomsko-birotehnicka-sb.skole.hr\/index.php?rest_route=%2Fwp%2Fv2%2Fcategories&post=304609"},{"taxonomy":"post_tag","embeddable":true,"href":"https:\/\/ss-ekonomsko-birotehnicka-sb.skole.hr\/index.php?rest_route=%2Fwp%2Fv2%2Ftags&post=304609"}],"curies":[{"name":"wp","href":"https:\/\/api.w.org\/{rel}","templated":true}]}}