{"id":307209,"date":"2025-12-12T12:10:44","date_gmt":"2025-12-12T11:10:44","guid":{"rendered":"https:\/\/ss-ekonomsko-birotehnicka-sb.skole.hr\/?p=307209"},"modified":"2025-12-12T12:10:44","modified_gmt":"2025-12-12T11:10:44","slug":"o-pravima-djeteta-ucenici-poucavaju-ucenike","status":"publish","type":"post","link":"https:\/\/ss-ekonomsko-birotehnicka-sb.skole.hr\/?p=307209","title":{"rendered":"O pravima djeteta \u2013 u\u010denici pou\u010davaju u\u010denike"},"content":{"rendered":"<p>[et_pb_section fb_built=&#8221;1&#8243; theme_builder_area=&#8221;post_content&#8221; _builder_version=&#8221;4.25.0&#8243; _module_preset=&#8221;default&#8221;][et_pb_row _builder_version=&#8221;4.25.0&#8243; _module_preset=&#8221;default&#8221; theme_builder_area=&#8221;post_content&#8221;][et_pb_column _builder_version=&#8221;4.25.0&#8243; _module_preset=&#8221;default&#8221; type=&#8221;4_4&#8243; theme_builder_area=&#8221;post_content&#8221;][et_pb_text _builder_version=&#8221;4.25.0&#8243; _module_preset=&#8221;default&#8221; theme_builder_area=&#8221;post_content&#8221; hover_enabled=&#8221;0&#8243; sticky_enabled=&#8221;0&#8243;]<\/p>\n<p style=\"text-align: justify\">Anamarija U\u017earevi\u0107 i Ajdin Kuduzovi\u0107, u\u010denici 3. c razreda s dvogodi\u0161njim iskustvom ambasadora Europskoga parlamenta, odr\u017eali su <strong>11. prosinca 2025.<\/strong> <strong>radionicu <em>O<\/em><\/strong><em> <strong>pravima djeteta \u2013 iz dje\u010dje perspektive<\/strong><\/em> za u\u010denike 1. D razreda. Povodom obilje\u017eavanja <strong>Me\u0111unarodnoga <\/strong><strong>dana ljudskih prava<\/strong> (10. prosinca), u okviru programa EPAS, dogovorena je me\u0111upredmetna suradnja izme\u0111u dvoje nastavnika\/starijih ambasadora EP-a \u2013 tako su u\u010denici 1. d razreda <em>ugostili<\/em> Anamariju, Ajdina i prof. Ivanu Opa\u010dak na svome <strong>dvosatu Osnova prava<\/strong> s nastavnikom Ivanom Dev\u010di\u0107em.<\/p>\n<p style=\"text-align: justify\">Svrha je ovoga oblika suradnje bila pru\u017eiti priliku mla\u0111im u\u010denicima da u\u010de od starijih, iskusnijih \u2013 da kroz promi\u0161ljanje i raspravu o stvarnim \u017eivotnim situacijama i u\u010denje temeljeno na radu (u skupinama) usvoje osnove (dje\u010djih i ljudskih) prava. Iskustvo vr\u0161nja\u010dkoga pou\u010davanja imalo je pozitivne u\u010dinke i na <em>u\u010ditelje <\/em>i na u\u010denike, na veliko zadovoljstvo oboje nastavnika. Anamarija i Ajdin isti\u010du kako su veoma ponosni jer su kao u\u010denici dobili priliku voditi radionicu, te ne kriju zadovoljstvo jer su \u201eod samoga po\u010detka osjetili lijepu, otvorenu i motiviraju\u0107u atmosferu u razredu\u201c. \u201eDrago nam je \u0161to smo mogli biti dio njihova u\u010denja i \u0161to smo vidjeli koliko su spremni razmi\u0161ljati, razgovarati i cijeniti prava koja svatko od nas ima. 1. D razred ostavio je zaista lijep dojam \u2013 i kao skupina i kao pojedinci.\u201c (Ajdin)<\/p>\n<p>[\/et_pb_text][\/et_pb_column][\/et_pb_row][et_pb_row _builder_version=&#8221;4.25.0&#8243; _module_preset=&#8221;default&#8221; theme_builder_area=&#8221;post_content&#8221;][et_pb_column _builder_version=&#8221;4.25.0&#8243; _module_preset=&#8221;default&#8221; type=&#8221;4_4&#8243; theme_builder_area=&#8221;post_content&#8221;][et_pb_gallery _builder_version=&#8221;4.25.0&#8243; _module_preset=&#8221;default&#8221; theme_builder_area=&#8221;post_content&#8221; gallery_ids=&#8221;307254,307251,307215,307218,307221,307224,307227,307230,307233,307236,307239,307242,307245,307248&#8243; show_title_and_caption=&#8221;off&#8221; hover_enabled=&#8221;0&#8243; sticky_enabled=&#8221;0&#8243;][\/et_pb_gallery][\/et_pb_column][\/et_pb_row][et_pb_row _builder_version=&#8221;4.25.0&#8243; _module_preset=&#8221;default&#8221; theme_builder_area=&#8221;post_content&#8221;][et_pb_column _builder_version=&#8221;4.25.0&#8243; _module_preset=&#8221;default&#8221; type=&#8221;4_4&#8243; theme_builder_area=&#8221;post_content&#8221;][et_pb_text _builder_version=&#8221;4.25.0&#8243; _module_preset=&#8221;default&#8221; theme_builder_area=&#8221;post_content&#8221; hover_enabled=&#8221;0&#8243; sticky_enabled=&#8221;0&#8243;]<\/p>\n<p style=\"text-align: justify\">U\u010denici 1. D razreda imali su priliku u\u010diti o pravima, ali i o sebi i svojim vr\u0161njacima. Imali su priliku ste\u0107i teorijska znanja, ali i razvi(ja)ti jezi\u010dne, digitalne i socijalne vje\u0161tine. Nije svima bilo jednostavno stati pred <em>publiku <\/em>i odr\u017eati jednominutni (mo\u017eda prvi javni) govor, ali ba\u0161 svi su zaslu\u017eili pljesak. Ono u \u010demu su u\u010denici posebno odu\u0161evili jest demonstracija <em>zdravih<\/em> stavova i njegovanje temeljnih ljudskih vrijednosti poput demokracije, tolerancije i empatije (osobito spram onih kojima je podr\u0161ka vr\u0161njaka najvi\u0161e potrebna). (PO)HVALA svima!<\/p>\n<p style=\"text-align: justify\">U\u010denici su tijekom radionice koristili materijale koje je priredila prof. Opa\u010dak na temelju zajedni\u010dke nastavne pripreme s kolegom Dev\u010di\u0107em. <strong>Suradni\u010dki otvoreni <\/strong><strong>obrazovni sadr\u017eaj<\/strong> <strong><em>Uo\u010di Me\u0111. dana ljudskih prava \u2013 o dje\u010djim pravima<\/em><\/strong> (s navedenim odgojno-obrazovnim ishodima (me\u0111u)predmetnih tema i materijalima za u\u010denike i nastavnike) objavljen je u <strong>Edutoriju<\/strong> <a href=\"https:\/\/edutorij.carnet.hr\/materijali\/4454201\"><strong>na OVOJ poveznici<\/strong><\/a><strong>.<\/strong><\/p>\n<p style=\"text-align: justify\">Dojmovi u\u010denika su jako pozitivni. U\u010denice 1. D\u00a0 Anastazija Tukara\u00a0 i Lana Matanovi\u0107 navode: &#8220;Radionica o ljudskim pravima bila nam je jako zanimljiva i nau\u010dile smo puno novih stvari. Bilo je pou\u010dno i druga\u010dije od obi\u010dnog sata, a rad u grupama nam je \u00a0pomogao da bolje razumijemo temu. Drago nam je \u0161to smo mogli razgovarati o va\u017enim temama i \u0161to smo svi bili uklju\u010deni.&#8221;<\/p>\n<p style=\"text-align: justify\">Kad govorimo o ishodima, rezultatima radionice, Ajdin isti\u010de sljede\u0107e:<\/p>\n<p style=\"text-align: justify\">\u201eZajedno smo istra\u017eivali koja su ljudska prava u\u010denicima najva\u017enija, a rezultati su pokazali da mladi itekako razumiju vrijednost \u017eivota i slobode:<\/p>\n<p style=\"text-align: justify\">Pravo na \u017eivot \u2013 84,42%; Pravo na izra\u017eavanje \u2013 7,9%; Pravo na za\u0161titu od iskori\u0161tavanja \u2013 2,5%; Pravo na odmor, igru i slobodno vrijeme \u2013 2,18%.\u201c<\/p>\n<p style=\"text-align: justify\">Ajdin dodaje i sljede\u0107e: \u201eVelika zahvala ide i profesorima i u\u010denicima jer se odmah vidjelo koliko je znanja, truda i volje ranije ulo\u017eeno u ovu temu. U\u010denici su pokazali zrelost, po\u0161tovanje i iskreno zanimanje, \u0161to nam je radionicu u\u010dinilo jo\u0161 ljep\u0161om i smislenijom.\u201c<\/p>\n<p style=\"text-align: justify\">Bravo za sve u\u010denike, i starije i mla\u0111e!<\/p>\n<p style=\"text-align: right\">Nastavnici Ivan Dev\u010di\u0107 i Ivana Opa\u010dak<\/p>\n<p>[\/et_pb_text][\/et_pb_column][\/et_pb_row][\/et_pb_section]<\/p>\n","protected":false},"excerpt":{"rendered":"<p>Anamarija U\u017earevi\u0107 i Ajdin Kuduzovi\u0107, u\u010denici 3. c razreda s dvogodi\u0161njim iskustvom ambasadora Europskoga parlamenta, odr\u017eali su 11. prosinca 2025. radionicu O pravima djeteta \u2013 iz dje\u010dje perspektive za u\u010denike 1. D razreda. Povodom obilje\u017eavanja Me\u0111unarodnoga dana ljudskih prava (10. prosinca), u okviru programa EPAS, dogovorena je me\u0111upredmetna suradnja izme\u0111u dvoje nastavnika\/starijih ambasadora EP-a \u2013 [&hellip;]<\/p>\n","protected":false},"author":826,"featured_media":0,"comment_status":"closed","ping_status":"closed","sticky":false,"template":"","format":"standard","meta":{"_et_pb_use_builder":"on","_et_pb_old_content":"","_et_gb_content_width":"","footnotes":""},"categories":[76,58,38],"tags":[],"class_list":["post-307209","post","type-post","status-publish","format-standard","hentry","category-administracija-trgovina-turizam","category-epas","category-vijesti"],"_links":{"self":[{"href":"https:\/\/ss-ekonomsko-birotehnicka-sb.skole.hr\/index.php?rest_route=\/wp\/v2\/posts\/307209","targetHints":{"allow":["GET"]}}],"collection":[{"href":"https:\/\/ss-ekonomsko-birotehnicka-sb.skole.hr\/index.php?rest_route=\/wp\/v2\/posts"}],"about":[{"href":"https:\/\/ss-ekonomsko-birotehnicka-sb.skole.hr\/index.php?rest_route=\/wp\/v2\/types\/post"}],"author":[{"embeddable":true,"href":"https:\/\/ss-ekonomsko-birotehnicka-sb.skole.hr\/index.php?rest_route=\/wp\/v2\/users\/826"}],"replies":[{"embeddable":true,"href":"https:\/\/ss-ekonomsko-birotehnicka-sb.skole.hr\/index.php?rest_route=%2Fwp%2Fv2%2Fcomments&post=307209"}],"version-history":[{"count":2,"href":"https:\/\/ss-ekonomsko-birotehnicka-sb.skole.hr\/index.php?rest_route=\/wp\/v2\/posts\/307209\/revisions"}],"predecessor-version":[{"id":307260,"href":"https:\/\/ss-ekonomsko-birotehnicka-sb.skole.hr\/index.php?rest_route=\/wp\/v2\/posts\/307209\/revisions\/307260"}],"wp:attachment":[{"href":"https:\/\/ss-ekonomsko-birotehnicka-sb.skole.hr\/index.php?rest_route=%2Fwp%2Fv2%2Fmedia&parent=307209"}],"wp:term":[{"taxonomy":"category","embeddable":true,"href":"https:\/\/ss-ekonomsko-birotehnicka-sb.skole.hr\/index.php?rest_route=%2Fwp%2Fv2%2Fcategories&post=307209"},{"taxonomy":"post_tag","embeddable":true,"href":"https:\/\/ss-ekonomsko-birotehnicka-sb.skole.hr\/index.php?rest_route=%2Fwp%2Fv2%2Ftags&post=307209"}],"curies":[{"name":"wp","href":"https:\/\/api.w.org\/{rel}","templated":true}]}}