{"id":307263,"date":"2025-12-15T07:59:37","date_gmt":"2025-12-15T06:59:37","guid":{"rendered":"https:\/\/ss-ekonomsko-birotehnicka-sb.skole.hr\/?p=307263"},"modified":"2025-12-15T07:59:37","modified_gmt":"2025-12-15T06:59:37","slug":"humanitarna-akcija-nisi-sam","status":"publish","type":"post","link":"https:\/\/ss-ekonomsko-birotehnicka-sb.skole.hr\/?p=307263","title":{"rendered":"Humanitarna akcija \u201eNisi sam\u201c"},"content":{"rendered":"<p>[et_pb_section fb_built=&#8221;1&#8243; theme_builder_area=&#8221;post_content&#8221; _builder_version=&#8221;4.25.0&#8243; _module_preset=&#8221;default&#8221;][et_pb_row _builder_version=&#8221;4.25.0&#8243; _module_preset=&#8221;default&#8221; theme_builder_area=&#8221;post_content&#8221; column_structure=&#8221;3_5,2_5&#8243;][et_pb_column _builder_version=&#8221;4.25.0&#8243; _module_preset=&#8221;default&#8221; type=&#8221;3_5&#8243; theme_builder_area=&#8221;post_content&#8221;][et_pb_text _builder_version=&#8221;4.25.0&#8243; _module_preset=&#8221;default&#8221; theme_builder_area=&#8221;post_content&#8221; hover_enabled=&#8221;0&#8243; sticky_enabled=&#8221;0&#8243;]<\/p>\n<p style=\"font-weight: 400;text-align: justify\">U sklopu humanitarne akcije pod nazivom \u201eNisi sam\u201c, u\u010denici Ekonomsko-birotehni\u010dke \u0161kole na inicijativu nastavnice Valentine Bodro\u017ei\u0107-Selak posjetili su Dom za starije i nemo\u0107ne s ciljem pru\u017eanja podr\u0161ke, pa\u017enje i topline njegovim korisnicima. Ova inicijativa imala je za cilj razveseliti starije osobe te im pokazati da nisu zaboravljeni i da nisu sami.<\/p>\n<p style=\"font-weight: 400;text-align: justify\">U\u010denici \u00a0i djelatnici Ekonomsko- birotehni\u010dke \u0161kole su za korisnike Doma pripremili prigodne poklone, koje su darivali prema ranije prikupljenim \u017eeljama korisnika. Time je svaki poklon imao posebnu osobnu vrijednost, a osmijesi i rije\u010di zahvalnosti korisnika bili su najbolja potvrda uspje\u0161nosti ove akcije.<\/p>\n<p style=\"font-weight: 400;text-align: justify\">Osim darivanja, u\u010denici su pripremili i kratki glazbeni program tijekom kojeg su pjesmom unijeli dodatnu radost i blagdansko raspolo\u017eenje. Zajedni\u010dko pjevanje i dru\u017eenje stvorili su toplu i emotivnu atmosferu, na obostrano zadovoljstvo u\u010denika i korisnika Doma.<\/p>\n<p style=\"font-weight: 400;text-align: justify\">Ovakve humanitarne aktivnosti va\u017ean su dio odgojno-obrazovnog procesa jer poti\u010du u\u010denike na razvoj empatije, solidarnosti i dru\u0161tvene odgovornosti. Posjet Domu za starije i nemo\u0107ne u sklopu akcije \u201eNisi sam\u201c ostao je u lijepom sje\u0107anju svima koji su u njemu sudjelovali, uz poruku da mala djela pa\u017enje mogu zna\u010diti jako puno te ga svakako planiramo ponoviti i sljede\u0107e godine.<\/p>\n<p style=\"font-weight: 400;text-align: right\">Valentina Bodro\u017ei\u0107-Selak, univ.spec.oec.<\/p>\n<p>[\/et_pb_text][\/et_pb_column][et_pb_column _builder_version=&#8221;4.25.0&#8243; _module_preset=&#8221;default&#8221; type=&#8221;2_5&#8243; theme_builder_area=&#8221;post_content&#8221;][et_pb_gallery _builder_version=&#8221;4.25.0&#8243; _module_preset=&#8221;default&#8221; theme_builder_area=&#8221;post_content&#8221; gallery_ids=&#8221;307281,307284,307287,307272,307275,307278&#8243; fullwidth=&#8221;on&#8221; auto=&#8221;on&#8221; hover_enabled=&#8221;0&#8243; sticky_enabled=&#8221;0&#8243;][\/et_pb_gallery][\/et_pb_column][\/et_pb_row][\/et_pb_section]<\/p>\n","protected":false},"excerpt":{"rendered":"<p>U sklopu humanitarne akcije pod nazivom \u201eNisi sam\u201c, u\u010denici Ekonomsko-birotehni\u010dke \u0161kole na inicijativu nastavnice Valentine Bodro\u017ei\u0107-Selak posjetili su Dom za starije i nemo\u0107ne s ciljem pru\u017eanja podr\u0161ke, pa\u017enje i topline njegovim korisnicima. Ova inicijativa imala je za cilj razveseliti starije osobe te im pokazati da nisu zaboravljeni i da nisu sami. U\u010denici \u00a0i djelatnici Ekonomsko- [&hellip;]<\/p>\n","protected":false},"author":826,"featured_media":0,"comment_status":"closed","ping_status":"closed","sticky":false,"template":"","format":"standard","meta":{"_et_pb_use_builder":"on","_et_pb_old_content":"","_et_gb_content_width":"","footnotes":""},"categories":[38],"tags":[],"class_list":["post-307263","post","type-post","status-publish","format-standard","hentry","category-vijesti"],"_links":{"self":[{"href":"https:\/\/ss-ekonomsko-birotehnicka-sb.skole.hr\/index.php?rest_route=\/wp\/v2\/posts\/307263","targetHints":{"allow":["GET"]}}],"collection":[{"href":"https:\/\/ss-ekonomsko-birotehnicka-sb.skole.hr\/index.php?rest_route=\/wp\/v2\/posts"}],"about":[{"href":"https:\/\/ss-ekonomsko-birotehnicka-sb.skole.hr\/index.php?rest_route=\/wp\/v2\/types\/post"}],"author":[{"embeddable":true,"href":"https:\/\/ss-ekonomsko-birotehnicka-sb.skole.hr\/index.php?rest_route=\/wp\/v2\/users\/826"}],"replies":[{"embeddable":true,"href":"https:\/\/ss-ekonomsko-birotehnicka-sb.skole.hr\/index.php?rest_route=%2Fwp%2Fv2%2Fcomments&post=307263"}],"version-history":[{"count":2,"href":"https:\/\/ss-ekonomsko-birotehnicka-sb.skole.hr\/index.php?rest_route=\/wp\/v2\/posts\/307263\/revisions"}],"predecessor-version":[{"id":307290,"href":"https:\/\/ss-ekonomsko-birotehnicka-sb.skole.hr\/index.php?rest_route=\/wp\/v2\/posts\/307263\/revisions\/307290"}],"wp:attachment":[{"href":"https:\/\/ss-ekonomsko-birotehnicka-sb.skole.hr\/index.php?rest_route=%2Fwp%2Fv2%2Fmedia&parent=307263"}],"wp:term":[{"taxonomy":"category","embeddable":true,"href":"https:\/\/ss-ekonomsko-birotehnicka-sb.skole.hr\/index.php?rest_route=%2Fwp%2Fv2%2Fcategories&post=307263"},{"taxonomy":"post_tag","embeddable":true,"href":"https:\/\/ss-ekonomsko-birotehnicka-sb.skole.hr\/index.php?rest_route=%2Fwp%2Fv2%2Ftags&post=307263"}],"curies":[{"name":"wp","href":"https:\/\/api.w.org\/{rel}","templated":true}]}}