{"id":308670,"date":"2026-03-11T12:09:24","date_gmt":"2026-03-11T11:09:24","guid":{"rendered":"https:\/\/ss-ekonomsko-birotehnicka-sb.skole.hr\/?p=308670"},"modified":"2026-03-11T12:09:24","modified_gmt":"2026-03-11T11:09:24","slug":"mladi-i-klimatske-promjene","status":"publish","type":"post","link":"https:\/\/ss-ekonomsko-birotehnicka-sb.skole.hr\/?p=308670","title":{"rendered":"Mladi i klimatske promjene"},"content":{"rendered":"<p>[et_pb_section fb_built=&#8221;1&#8243; theme_builder_area=&#8221;post_content&#8221; _builder_version=&#8221;4.25.0&#8243; _module_preset=&#8221;default&#8221;][et_pb_row _builder_version=&#8221;4.25.0&#8243; _module_preset=&#8221;default&#8221; theme_builder_area=&#8221;post_content&#8221;][et_pb_column _builder_version=&#8221;4.25.0&#8243; _module_preset=&#8221;default&#8221; type=&#8221;4_4&#8243; theme_builder_area=&#8221;post_content&#8221;][et_pb_text _builder_version=&#8221;4.25.0&#8243; _module_preset=&#8221;default&#8221; theme_builder_area=&#8221;post_content&#8221; hover_enabled=&#8221;0&#8243; sticky_enabled=&#8221;0&#8243;]<\/p>\n<p style=\"text-align: justify\">Kroz ovaj tjedan u\u010denici 3. e razreda sudjelovali su na informativnom predavanju o klimatskim promjenama i njihovim posljedicama koje je odr\u017eano u \u0161kolskoj knji\u017enici. Predavanje su vodile predstavnice <strong>Udruge Eko Brezna<\/strong>, Ana Mari\u0107 i Ivona Vukojevi\u0107.<\/p>\n<p style=\"text-align: justify\">Aktivnost je organizirana u sklopu Erasmus+ KA210 projekta <strong>Youth rise \u2013 Reduce anxiety, Improve literacy, Strengthen resilience, Engage in action<\/strong>, koji provodi Pokret gorana Novog Sada (Srbija) u suradnji s organizacijom Fundacja Pogranicze (Poljska), a <strong>Udruga Eko Brezna<\/strong> je partner.<\/p>\n<p style=\"text-align: justify\">Cilj projekta je osna\u017eiti mlade za bolje razumijevanje klimatskih promjena, pove\u0107ati njihovu klimatsku pismenost, smanjiti klimatsku anksioznost te potaknuti aktivno sudjelovanje u klimatskim inicijativama.<\/p>\n<p style=\"text-align: center\"><img decoding=\"async\" src=\"https:\/\/ss-ekonomsko-birotehnicka-sb.skole.hr\/wp-content\/uploads\/sites\/790\/2026\/03\/Eko-Brezna.jpg\" width=\"800\" height=\"700\" alt=\"\" class=\"wp-image-308676 aligncenter size-full\" srcset=\"https:\/\/ss-ekonomsko-birotehnicka-sb.skole.hr\/wp-content\/uploads\/sites\/790\/2026\/03\/Eko-Brezna.jpg 800w, https:\/\/ss-ekonomsko-birotehnicka-sb.skole.hr\/wp-content\/uploads\/sites\/790\/2026\/03\/Eko-Brezna-480x420.jpg 480w\" sizes=\"(min-width: 0px) and (max-width: 480px) 480px, (min-width: 481px) 800px, 100vw\" \/><\/p>\n<p style=\"text-align: justify\">U okviru istra\u017eivanja o tome kako nas mijenjaju klimatske promjene, pet u\u010denika sudjelovalo je i u fokus grupi u kojoj su razgovarali o svojim stavovima i emocijama o klimatskim promjenama, o tome na koje na\u010dine one utje\u010du na svakodnevni \u017eivot te o va\u017enosti komunikacije i edukacije o klimatskim temama. Fokus grupa omogu\u0107ila je uvid u to kako mladi razumiju klimatske promjene, koliko im je ta tema va\u017ena te koliko \u010desto o njoj razgovaraju u svakodnevnom \u017eivotu.<\/p>\n<p style=\"text-align: justify\">Prikupljeni uvidi poslu\u017eit \u0107e za daljnji razvoj projektnih aktivnosti i edukativnih sadr\u017eaja.<\/p>\n<p style=\"text-align: right\">Marija Deankovi\u0107, \u0161kolska knji\u017eni\u010darka<\/p>\n<p>[\/et_pb_text][\/et_pb_column][\/et_pb_row][\/et_pb_section]<\/p>\n","protected":false},"excerpt":{"rendered":"<p>Kroz ovaj tjedan u\u010denici 3. e razreda sudjelovali su na informativnom predavanju o klimatskim promjenama i njihovim posljedicama koje je odr\u017eano u \u0161kolskoj knji\u017enici. Predavanje su vodile predstavnice Udruge Eko Brezna, Ana Mari\u0107 i Ivona Vukojevi\u0107. Aktivnost je organizirana u sklopu Erasmus+ KA210 projekta Youth rise \u2013 Reduce anxiety, Improve literacy, Strengthen resilience, Engage in [&hellip;]<\/p>\n","protected":false},"author":826,"featured_media":0,"comment_status":"closed","ping_status":"closed","sticky":false,"template":"","format":"standard","meta":{"_et_pb_use_builder":"on","_et_pb_old_content":"","_et_gb_content_width":"","footnotes":""},"categories":[144,147,38,97],"tags":[],"class_list":["post-308670","post","type-post","status-publish","format-standard","hentry","category-projekt-2-opce-obr","category-projekt-2-strukovno-obr","category-vijesti","category-vijesti-iz-knjiznice"],"_links":{"self":[{"href":"https:\/\/ss-ekonomsko-birotehnicka-sb.skole.hr\/index.php?rest_route=\/wp\/v2\/posts\/308670","targetHints":{"allow":["GET"]}}],"collection":[{"href":"https:\/\/ss-ekonomsko-birotehnicka-sb.skole.hr\/index.php?rest_route=\/wp\/v2\/posts"}],"about":[{"href":"https:\/\/ss-ekonomsko-birotehnicka-sb.skole.hr\/index.php?rest_route=\/wp\/v2\/types\/post"}],"author":[{"embeddable":true,"href":"https:\/\/ss-ekonomsko-birotehnicka-sb.skole.hr\/index.php?rest_route=\/wp\/v2\/users\/826"}],"replies":[{"embeddable":true,"href":"https:\/\/ss-ekonomsko-birotehnicka-sb.skole.hr\/index.php?rest_route=%2Fwp%2Fv2%2Fcomments&post=308670"}],"version-history":[{"count":2,"href":"https:\/\/ss-ekonomsko-birotehnicka-sb.skole.hr\/index.php?rest_route=\/wp\/v2\/posts\/308670\/revisions"}],"predecessor-version":[{"id":308679,"href":"https:\/\/ss-ekonomsko-birotehnicka-sb.skole.hr\/index.php?rest_route=\/wp\/v2\/posts\/308670\/revisions\/308679"}],"wp:attachment":[{"href":"https:\/\/ss-ekonomsko-birotehnicka-sb.skole.hr\/index.php?rest_route=%2Fwp%2Fv2%2Fmedia&parent=308670"}],"wp:term":[{"taxonomy":"category","embeddable":true,"href":"https:\/\/ss-ekonomsko-birotehnicka-sb.skole.hr\/index.php?rest_route=%2Fwp%2Fv2%2Fcategories&post=308670"},{"taxonomy":"post_tag","embeddable":true,"href":"https:\/\/ss-ekonomsko-birotehnicka-sb.skole.hr\/index.php?rest_route=%2Fwp%2Fv2%2Ftags&post=308670"}],"curies":[{"name":"wp","href":"https:\/\/api.w.org\/{rel}","templated":true}]}}