{"id":309963,"date":"2026-04-28T08:41:45","date_gmt":"2026-04-28T06:41:45","guid":{"rendered":"https:\/\/ss-ekonomsko-birotehnicka-sb.skole.hr\/?p=309963"},"modified":"2026-04-28T08:41:45","modified_gmt":"2026-04-28T06:41:45","slug":"obiljezavanje-dana-planeta-zemlje-24-27-travnja","status":"publish","type":"post","link":"https:\/\/ss-ekonomsko-birotehnicka-sb.skole.hr\/?p=309963","title":{"rendered":"Obilje\u017eavanje Dana planeta Zemlje (24. \u2013 27. travnja)"},"content":{"rendered":"<p>[et_pb_section fb_built=&#8221;1&#8243; theme_builder_area=&#8221;post_content&#8221; _builder_version=&#8221;4.27.6&#8243; _module_preset=&#8221;default&#8221;][et_pb_row _builder_version=&#8221;4.27.6&#8243; _module_preset=&#8221;default&#8221; theme_builder_area=&#8221;post_content&#8221;][et_pb_column _builder_version=&#8221;4.27.6&#8243; _module_preset=&#8221;default&#8221; type=&#8221;4_4&#8243; theme_builder_area=&#8221;post_content&#8221;][et_pb_text _builder_version=&#8221;4.27.6&#8243; _module_preset=&#8221;default&#8221; theme_builder_area=&#8221;post_content&#8221; hover_enabled=&#8221;0&#8243; sticky_enabled=&#8221;0&#8243;]<\/p>\n<p style=\"text-align: justify\">Povodom Dana planeta Zemlje, koji se svake godine obilje\u017eava 22. travnja, na\u0161a \u0161kola aktivno se uklju\u010dila u projekt Nature Slavonice pod nazivom &#8220;City Nature Challenge 2026.&#8221; s ciljem podizanja svijesti o va\u017enosti o\u010duvanja prirode i upoznavanja bogate bioraznolikosti na\u0161ega zavi\u010daja. Aktivnosti su se provodile u razdoblju od 24. do 27. travnja, tijekom kojih su u\u010denici, zajedno s nastavnicima, sudjelovali u promatranju i opa\u017eanju bioraznolikosti na\u0161eg podru\u010dja.<\/p>\n<p style=\"text-align: justify\">Glavni cilj projekta bio je potaknuti u\u010denike na promatranje prirode iz neposredne blizine i u\u010denje i prepoznavanje novih vrsta u prirodi, te razvijanje svijesti o va\u017enosti o\u010duvanja okoli\u0161a. Borave\u0107i na svje\u017eem zraku, u\u010denici su mogli istra\u017eivati \u0161kolsko dvori\u0161te i okolna podru\u010dja i pritom opa\u017eati razli\u010dite biljne i \u017eivotinjske vrste koje su uo\u010dili. Posebnu ulogu u aktivnosti imale su mobilne aplikacije iSeek i iNaturalist, koje su u\u010denicima omogu\u0107ile jednostavno prepoznavanje i klasificiranje organizama.<\/p>\n<p>[\/et_pb_text][\/et_pb_column][\/et_pb_row][et_pb_row _builder_version=&#8221;4.27.6&#8243; _module_preset=&#8221;default&#8221; theme_builder_area=&#8221;post_content&#8221;][et_pb_column _builder_version=&#8221;4.27.6&#8243; _module_preset=&#8221;default&#8221; type=&#8221;4_4&#8243; theme_builder_area=&#8221;post_content&#8221;][et_pb_gallery _builder_version=&#8221;4.27.6&#8243; _module_preset=&#8221;default&#8221; theme_builder_area=&#8221;post_content&#8221; gallery_ids=&#8221;309972,309975,309978,309981,309984,309987,309990,309993&#8243; show_title_and_caption=&#8221;off&#8221; hover_enabled=&#8221;0&#8243; sticky_enabled=&#8221;0&#8243;][\/et_pb_gallery][\/et_pb_column][\/et_pb_row][et_pb_row _builder_version=&#8221;4.27.6&#8243; _module_preset=&#8221;default&#8221; theme_builder_area=&#8221;post_content&#8221;][et_pb_column _builder_version=&#8221;4.27.6&#8243; _module_preset=&#8221;default&#8221; type=&#8221;4_4&#8243; theme_builder_area=&#8221;post_content&#8221;][et_pb_text _builder_version=&#8221;4.27.6&#8243; _module_preset=&#8221;default&#8221; theme_builder_area=&#8221;post_content&#8221; hover_enabled=&#8221;0&#8243; sticky_enabled=&#8221;0&#8243;]<\/p>\n<p style=\"text-align: justify\">Tijekom istra\u017eivanja u\u010denici su uo\u010dili brojne biljne vrste poput masla\u010dka, koprive, djeteline, perunike i raznih cvjetnica, ali i \u017eivotinjske vrste poput ptica, paukova, razli\u010ditih kukaca te roda. Ovakav na\u010din rada bio je zanimljiv i interaktivan jer je spajao tehnologiju i u\u010denje u prirodi, \u010dime su u\u010denici lak\u0161e usvajali nova znanja.<\/p>\n<p style=\"text-align: justify\">Sudjelovanjem u ovom projektu u\u010denici su razvijali istra\u017eiva\u010dke vje\u0161tine, u\u010dili o va\u017enosti o\u010duvanja prirodne ravnote\u017ee te shvatili koliko je svaki organizam va\u017ean za funkcioniranje ekosustava. Osim toga, ovakve aktivnosti poti\u010du odgovorno pona\u0161anje prema okoli\u0161u i ja\u010daju svijest o potrebi za\u0161tite prirode.<\/p>\n<p style=\"text-align: justify\">Zaklju\u010dno, sudjelovanje u projektu Nature Slavonice povodom Dana planeta Zemlje bilo je vrijedno i pou\u010dno iskustvo za sve uklju\u010dene. U\u010denici su kroz prakti\u010dan rad i boravak u prirodi stekli nova znanja i razvili pozitivan odnos prema okoli\u0161u, \u0161to je izuzetno va\u017eno za budu\u0107e generacije i o\u010duvanje na\u0161ega planeta.<\/p>\n<p style=\"text-align: right\">Anamarija Sveri\u0107, prof.<\/p>\n<p>[\/et_pb_text][\/et_pb_column][\/et_pb_row][\/et_pb_section]<\/p>\n","protected":false},"excerpt":{"rendered":"<p>Povodom Dana planeta Zemlje, koji se svake godine obilje\u017eava 22. travnja, na\u0161a \u0161kola aktivno se uklju\u010dila u projekt Nature Slavonice pod nazivom &#8220;City Nature Challenge 2026.&#8221; s ciljem podizanja svijesti o va\u017enosti o\u010duvanja prirode i upoznavanja bogate bioraznolikosti na\u0161ega zavi\u010daja. Aktivnosti su se provodile u razdoblju od 24. do 27. travnja, tijekom kojih su u\u010denici, [&hellip;]<\/p>\n","protected":false},"author":826,"featured_media":0,"comment_status":"closed","ping_status":"closed","sticky":false,"template":"","format":"standard","meta":{"_et_pb_use_builder":"on","_et_pb_old_content":"","_et_gb_content_width":"","footnotes":""},"categories":[82,38],"tags":[],"class_list":["post-309963","post","type-post","status-publish","format-standard","hentry","category-prirodna-grupa-predmeta","category-vijesti"],"_links":{"self":[{"href":"https:\/\/ss-ekonomsko-birotehnicka-sb.skole.hr\/index.php?rest_route=\/wp\/v2\/posts\/309963","targetHints":{"allow":["GET"]}}],"collection":[{"href":"https:\/\/ss-ekonomsko-birotehnicka-sb.skole.hr\/index.php?rest_route=\/wp\/v2\/posts"}],"about":[{"href":"https:\/\/ss-ekonomsko-birotehnicka-sb.skole.hr\/index.php?rest_route=\/wp\/v2\/types\/post"}],"author":[{"embeddable":true,"href":"https:\/\/ss-ekonomsko-birotehnicka-sb.skole.hr\/index.php?rest_route=\/wp\/v2\/users\/826"}],"replies":[{"embeddable":true,"href":"https:\/\/ss-ekonomsko-birotehnicka-sb.skole.hr\/index.php?rest_route=%2Fwp%2Fv2%2Fcomments&post=309963"}],"version-history":[{"count":2,"href":"https:\/\/ss-ekonomsko-birotehnicka-sb.skole.hr\/index.php?rest_route=\/wp\/v2\/posts\/309963\/revisions"}],"predecessor-version":[{"id":309996,"href":"https:\/\/ss-ekonomsko-birotehnicka-sb.skole.hr\/index.php?rest_route=\/wp\/v2\/posts\/309963\/revisions\/309996"}],"wp:attachment":[{"href":"https:\/\/ss-ekonomsko-birotehnicka-sb.skole.hr\/index.php?rest_route=%2Fwp%2Fv2%2Fmedia&parent=309963"}],"wp:term":[{"taxonomy":"category","embeddable":true,"href":"https:\/\/ss-ekonomsko-birotehnicka-sb.skole.hr\/index.php?rest_route=%2Fwp%2Fv2%2Fcategories&post=309963"},{"taxonomy":"post_tag","embeddable":true,"href":"https:\/\/ss-ekonomsko-birotehnicka-sb.skole.hr\/index.php?rest_route=%2Fwp%2Fv2%2Ftags&post=309963"}],"curies":[{"name":"wp","href":"https:\/\/api.w.org\/{rel}","templated":true}]}}