{"id":310050,"date":"2026-04-29T08:00:33","date_gmt":"2026-04-29T06:00:33","guid":{"rendered":"https:\/\/ss-ekonomsko-birotehnicka-sb.skole.hr\/?p=310050"},"modified":"2026-04-29T08:00:33","modified_gmt":"2026-04-29T06:00:33","slug":"u-europskome-tjednu-mladih-radionice-o-vaznosti-participacije-mladih-u-demokratskome-drustvu","status":"publish","type":"post","link":"https:\/\/ss-ekonomsko-birotehnicka-sb.skole.hr\/?p=310050","title":{"rendered":"U Europskome tjednu mladih \u2013 radionice o va\u017enosti participacije mladih u demokratskome dru\u0161tvu"},"content":{"rendered":"<p>[et_pb_section fb_built=&#8221;1&#8243; theme_builder_area=&#8221;post_content&#8221; _builder_version=&#8221;4.27.6&#8243; _module_preset=&#8221;default&#8221;][et_pb_row _builder_version=&#8221;4.27.6&#8243; _module_preset=&#8221;default&#8221; theme_builder_area=&#8221;post_content&#8221;][et_pb_column _builder_version=&#8221;4.27.6&#8243; _module_preset=&#8221;default&#8221; type=&#8221;4_4&#8243; theme_builder_area=&#8221;post_content&#8221;][et_pb_text _builder_version=&#8221;4.27.6&#8243; _module_preset=&#8221;default&#8221; theme_builder_area=&#8221;post_content&#8221; hover_enabled=&#8221;0&#8243; sticky_enabled=&#8221;0&#8243;]<\/p>\n<p style=\"text-align: justify\"><span><a href=\"https:\/\/youth.europa.eu\/youthweek_hr\"><strong>Europski tjedan mladih<\/strong><\/a> inicijativa je Europske unije koja se odr\u017eava svake dvije godine s ciljem poticanja aktivnoga sudjelovanja mladih u dru\u0161tvu i dono\u0161enju odluka. <strong>Ovogodi\u0161nja <\/strong>je<strong> manifestacija <\/strong>(<strong>24. travnja \u2013 1. svibnja<\/strong>)<strong> posve\u0107ena solidarnosti i pravednosti<\/strong>, odnosno obilje\u017eavanju 30 godina volontiranja u Europi, s naglaskom na Europljane koji su doprinijeli promjenama u dru\u0161tvu. U sklopu programa EPAS tradicionalno dajemo doprinos ovoj inicijativi, a ove godine stavljamo naglasak na mlade koji svojim hrabrim djelovanjem, potpuno volonterski, svjedo\u010de i pou\u010davaju o va\u017enosti aktivne participacije mladih u demokratskome dru\u0161tvu.<\/span><\/p>\n<p style=\"text-align: justify\"><span>Na\u0161i nastavnici \/ stariji ambasadori Europskoga parlamenta Ivan Dev\u010di\u0107 i Ivana Opa\u010dak na <strong>Europskome portalu za mlade<\/strong> registrirali su <strong>javno doga\u0111anje<\/strong> <a href=\"https:\/\/youth.europa.eu\/youthweek\/activities\/present-youths-future-world-epas-europe-day_hr\"><strong><em>From Present Youths to the Future World \u2013 EPAS &amp; Europe Day<\/em><\/strong><\/a> (<strong>27. travnja \u2013 11. svibnja<\/strong>), tijekom kojega \u0107e u na\u0161oj \u0161koli i lokalnoj zajednici biti organizirano \u010dak <strong>10 radionica<\/strong>, a (su)voditelji \u0107e biti upravo mladi \/ u\u010denici na\u0161e \u0161kole. Tjedan mladih tako \u0107e <em>prerasti<\/em> u Tjedan Europe, a zajedni\u010dko obilje\u017eavanje Dana Europe i Dana eTwinninga bit \u0107e kruna na\u0161ega EPAS-anga\u017emana u ovoj \u0161k. godini.<\/span><\/p>\n<p>[\/et_pb_text][\/et_pb_column][\/et_pb_row][et_pb_row _builder_version=&#8221;4.27.6&#8243; _module_preset=&#8221;default&#8221; theme_builder_area=&#8221;post_content&#8221;][et_pb_column _builder_version=&#8221;4.27.6&#8243; _module_preset=&#8221;default&#8221; type=&#8221;4_4&#8243; theme_builder_area=&#8221;post_content&#8221;][et_pb_gallery _builder_version=&#8221;4.27.6&#8243; _module_preset=&#8221;default&#8221; theme_builder_area=&#8221;post_content&#8221; gallery_ids=&#8221;310059,310062,310065,310068,310071,310074&#8243; show_title_and_caption=&#8221;off&#8221; hover_enabled=&#8221;0&#8243; sticky_enabled=&#8221;0&#8243;][\/et_pb_gallery][\/et_pb_column][\/et_pb_row][et_pb_row _builder_version=&#8221;4.27.6&#8243; _module_preset=&#8221;default&#8221; theme_builder_area=&#8221;post_content&#8221;][et_pb_column _builder_version=&#8221;4.27.6&#8243; _module_preset=&#8221;default&#8221; type=&#8221;4_4&#8243; theme_builder_area=&#8221;post_content&#8221;][et_pb_text _builder_version=&#8221;4.27.6&#8243; _module_preset=&#8221;default&#8221; theme_builder_area=&#8221;post_content&#8221; hover_enabled=&#8221;0&#8243; sticky_enabled=&#8221;0&#8243;]<\/p>\n<p style=\"text-align: justify\"><span>Prve <strong>tri radionice <\/strong>u na\u0161oj \u0161koli <em>odradila <\/em>je <strong>Petra Bajan<\/strong> (2. E), mla\u0111a ambasadorica Europskoga parlamenta, koja je <strong>27. i 28. travnja<\/strong> (pod mentorstvom prof. Ivane Opa\u010dak) odr\u017eala <strong>interaktivna izlaganja u 2. C, 2. E. i 3. E razredu<\/strong>, uz aktivno sudjelovanje svih (56) sudionika u zavr\u0161nim raspravama. Prezentacija \u201e<strong>Participacija mladih \u2013 Sudjeluj, nemoj samo promatrati!<\/strong>\u201d usmjerena je na va\u017enost (poticanja) aktivnoga uklju\u010divanja mladih u dru\u0161tvo i dono\u0161enje odluka. U njoj se obja\u0161njava da participacija zna\u010di izra\u017eavanje mi\u0161ljenja, sudjelovanje u projektima (poput EPAS-a i eTwinninga), volontiranje i uklju\u010divanje u demokratske procese \u2013 od \u0161kole (Vije\u0107e u\u010denika) i lokalne zajednice (Parlament mladih) do nacionalne i europske razine (<em>72 sata bez kompromisa<\/em>, <em>Euroscola<\/em>). Poseban naglasak stavljen je na mogu\u0107nosti koje mladima nude programi Europske unije poput Erasmusa i Europskih snaga solidarnosti, kao i na razvoj vje\u0161tina poput komunikacije (na stranome jeziku), digitalne i medijske pismenosti, kriti\u010dkoga i kreativnoga razmi\u0161ljanja te odgovornosti.<\/span><\/p>\n<p style=\"text-align: justify\"><span>Prezentacija tako\u0111er isti\u010de prepreke (poput straha, nedostatka motivacije ili osje\u0107aja da pojedinac ne mo\u017ee ni\u0161ta promijeniti), ali i nudi rje\u0161enja kroz edukaciju, poticanje sudjelovanja i stvaranje prilika za aktivizam. Zaklju\u010dak je jasan: <strong>informirani i aktivni mladi klju\u010d su boljega i demokratskijega dru\u0161tva<\/strong>. Ova tema izravno se povezuje s temom ovogodi\u0161njega Tjedna mladih, koja nagla\u0161ava solidarnost i pravednost. Kroz volontiranje, humanitarne i dru\u0161tveno korisne aktivnosti mladi pokazuju solidarnost s drugima, dok sudjelovanjem u dono\u0161enju odluka doprinose pravednijemu dru\u0161tvu u kojemu se \u010duju razli\u010diti glasovi. Upravo participacija mladih, kako je prikazano u prezentaciji, predstavlja temelj za izgradnju uklju\u010dive, solidarne i pravedne Europe.<\/span><\/p>\n<p style=\"text-align: justify\"><span>Petra je tako ispunila svoju\u00a0zada\u0107u\u00a0na koju se, s prof. Opa\u010dak, obvezala na <strong>seminaru za mla\u0111e i starije ambasadore Europskoga parlamenta\u00a0u Zadru 5. \u2013 8. o\u017eujka 2026<\/strong>. (o kojemu smo izvijestili\u00a0<a href=\"https:\/\/ss-ekonomsko-birotehnicka-sb.skole.hr\/?p=308571\"><strong>OVDJE<\/strong><\/a>). Naime, svaki je od mla\u0111ih predstavnika hrvatskih \u0161kola ambasadorica u Zadru dobio zadatak do kraja svibnja odraditi\u00a0minimalno tri predavanja ili radionice u svojoj \u0161koli (na nastavi politike i gospodarstva, satu razrednika ili bilo kojega drugog nastavnog predmeta). Isto je mogu\u0107e\u00a0odraditi\u00a0i na Vije\u0107u u\u010denika, u suradnji s drugim odgojno-obrazovnim ustanovama i udrugama (mladih) u lokalnoj zajednici&#8230;<\/span><\/p>\n<p style=\"text-align: justify\"><span>(PO)HVALA Petri, koja je pokazala veliku zrelost, zavidno poznavanje teme i iznimne prezentacijske vje\u0161tine. <\/span><\/p>\n<p style=\"text-align: right\"><span>Ivana Opa\u010dak, prof.<\/span><\/p>\n<p>[\/et_pb_text][\/et_pb_column][\/et_pb_row][\/et_pb_section]<\/p>\n","protected":false},"excerpt":{"rendered":"<p>Europski tjedan mladih inicijativa je Europske unije koja se odr\u017eava svake dvije godine s ciljem poticanja aktivnoga sudjelovanja mladih u dru\u0161tvu i dono\u0161enju odluka. Ovogodi\u0161nja je manifestacija (24. travnja \u2013 1. svibnja) posve\u0107ena solidarnosti i pravednosti, odnosno obilje\u017eavanju 30 godina volontiranja u Europi, s naglaskom na Europljane koji su doprinijeli promjenama u dru\u0161tvu. U sklopu [&hellip;]<\/p>\n","protected":false},"author":826,"featured_media":0,"comment_status":"closed","ping_status":"closed","sticky":false,"template":"","format":"standard","meta":{"_et_pb_use_builder":"on","_et_pb_old_content":"","_et_gb_content_width":"","footnotes":""},"categories":[58,38],"tags":[],"class_list":["post-310050","post","type-post","status-publish","format-standard","hentry","category-epas","category-vijesti"],"_links":{"self":[{"href":"https:\/\/ss-ekonomsko-birotehnicka-sb.skole.hr\/index.php?rest_route=\/wp\/v2\/posts\/310050","targetHints":{"allow":["GET"]}}],"collection":[{"href":"https:\/\/ss-ekonomsko-birotehnicka-sb.skole.hr\/index.php?rest_route=\/wp\/v2\/posts"}],"about":[{"href":"https:\/\/ss-ekonomsko-birotehnicka-sb.skole.hr\/index.php?rest_route=\/wp\/v2\/types\/post"}],"author":[{"embeddable":true,"href":"https:\/\/ss-ekonomsko-birotehnicka-sb.skole.hr\/index.php?rest_route=\/wp\/v2\/users\/826"}],"replies":[{"embeddable":true,"href":"https:\/\/ss-ekonomsko-birotehnicka-sb.skole.hr\/index.php?rest_route=%2Fwp%2Fv2%2Fcomments&post=310050"}],"version-history":[{"count":2,"href":"https:\/\/ss-ekonomsko-birotehnicka-sb.skole.hr\/index.php?rest_route=\/wp\/v2\/posts\/310050\/revisions"}],"predecessor-version":[{"id":310077,"href":"https:\/\/ss-ekonomsko-birotehnicka-sb.skole.hr\/index.php?rest_route=\/wp\/v2\/posts\/310050\/revisions\/310077"}],"wp:attachment":[{"href":"https:\/\/ss-ekonomsko-birotehnicka-sb.skole.hr\/index.php?rest_route=%2Fwp%2Fv2%2Fmedia&parent=310050"}],"wp:term":[{"taxonomy":"category","embeddable":true,"href":"https:\/\/ss-ekonomsko-birotehnicka-sb.skole.hr\/index.php?rest_route=%2Fwp%2Fv2%2Fcategories&post=310050"},{"taxonomy":"post_tag","embeddable":true,"href":"https:\/\/ss-ekonomsko-birotehnicka-sb.skole.hr\/index.php?rest_route=%2Fwp%2Fv2%2Ftags&post=310050"}],"curies":[{"name":"wp","href":"https:\/\/api.w.org\/{rel}","templated":true}]}}