{"id":310083,"date":"2026-04-29T08:55:13","date_gmt":"2026-04-29T06:55:13","guid":{"rendered":"https:\/\/ss-ekonomsko-birotehnicka-sb.skole.hr\/?p=310083"},"modified":"2026-04-29T08:55:13","modified_gmt":"2026-04-29T06:55:13","slug":"suradnja-brodskih-skola-povodom-svjetskog-dana-sigurnosti-na-radu-tko-brine-o-onome-tko-brine","status":"publish","type":"post","link":"https:\/\/ss-ekonomsko-birotehnicka-sb.skole.hr\/?p=310083","title":{"rendered":"Suradnja brodskih \u0161kola povodom Svjetskog dana sigurnosti na radu:\u00a0\u201eTko brine o onome tko brine?\u201c"},"content":{"rendered":"<p>[et_pb_section fb_built=&#8221;1&#8243; theme_builder_area=&#8221;post_content&#8221; _builder_version=&#8221;4.27.6&#8243; _module_preset=&#8221;default&#8221;][et_pb_row _builder_version=&#8221;4.27.6&#8243; _module_preset=&#8221;default&#8221; theme_builder_area=&#8221;post_content&#8221;][et_pb_column _builder_version=&#8221;4.27.6&#8243; _module_preset=&#8221;default&#8221; type=&#8221;4_4&#8243; theme_builder_area=&#8221;post_content&#8221;][et_pb_text _builder_version=&#8221;4.27.6&#8243; _module_preset=&#8221;default&#8221; theme_builder_area=&#8221;post_content&#8221; sticky_enabled=&#8221;0&#8243; hover_enabled=&#8221;0&#8243;]<\/p>\n<p style=\"text-align: justify\">U duhu europske solidarnosti i me\u0111u\u0161kolskog povezivanja,\u00a0senior ambasadori EP-a iz Ekonomsko-birotehni\u010dke \u0161kole, Slavonski Brod, odr\u017eali su edukativnu radionicu za u\u010denike\u00a04. razreda Srednje medicinske \u0161kole (smjer Medicinska sestra\/ Medicinski tehni\u010dar). Tema za\u0161tite na radu i prava zdravstvenih djelatnika u EU-u okupila je budu\u0107e stru\u010dnjake ususret Tjednu Europe.\u00a0<\/p>\n<p style=\"text-align: justify\">28. travnja 2026. obilje\u017eava se Svjetski dan sigurnosti i za\u0161tite zdravlja pri radu;\u00a0datum koji je Me\u0111unarodna organizacija rada (ILO) utemeljila kako bi promicala prevenciju profesionalnih bolesti i ozljeda. Tim povodom Srednja medicinska \u0161kola u Slavonskom Brodu ugostila je\u00a0Ekonomsko-birotehni\u010dku \u0161kolu, \u010dime je nastavljena uspje\u0161na suradnja unutar programa\u00a0\u0160kola ambasador Europskog parlamenta (EPAS).\u00a0\u00a0<\/p>\n<p style=\"text-align: justify\">Radionicu pod nazivom <strong>\u201eTko brine o onome tko brine? &#8211; Za\u0161tita na radu medicinske sestre\/tehni\u010dara\u201c<\/strong>\u00a0osmislili su i vodili\u00a0senior ambasadori Ivana Opa\u010dak i Ivan Dev\u010di\u0107 iz Ekonomsko-birotehni\u010dke \u0161kole. U realizaciji su im pomogli\u00a0junior ambasadori Mateo Lebi\u0107 i Vanessa Ivi\u0107, u\u010denici 4. c razreda, koji su svojim vr\u0161njacima, u\u010denicima\u00a04. razreda\u00a0Srednje medicinske \u0161kole, prenijeli klju\u010dne poruke o va\u017enosti sigurnosti na radnom mjestu.\u00a0\u00a0<span style=\"font-size: 9.0pt;font-family: 'Segoe UI',sans-serif\"><\/span><\/p>\n<p>[\/et_pb_text][\/et_pb_column][\/et_pb_row][et_pb_row _builder_version=&#8221;4.27.6&#8243; _module_preset=&#8221;default&#8221; theme_builder_area=&#8221;post_content&#8221;][et_pb_column _builder_version=&#8221;4.27.6&#8243; _module_preset=&#8221;default&#8221; type=&#8221;4_4&#8243; theme_builder_area=&#8221;post_content&#8221;][et_pb_gallery _builder_version=&#8221;4.27.6&#8243; _module_preset=&#8221;default&#8221; theme_builder_area=&#8221;post_content&#8221; gallery_ids=&#8221;310092,310095,310098,310101,310104,310107,310110,310113,310116&#8243; show_title_and_caption=&#8221;off&#8221; hover_enabled=&#8221;0&#8243; sticky_enabled=&#8221;0&#8243;][\/et_pb_gallery][\/et_pb_column][\/et_pb_row][et_pb_row _builder_version=&#8221;4.27.6&#8243; _module_preset=&#8221;default&#8221; theme_builder_area=&#8221;post_content&#8221;][et_pb_column _builder_version=&#8221;4.27.6&#8243; _module_preset=&#8221;default&#8221; type=&#8221;4_4&#8243; theme_builder_area=&#8221;post_content&#8221;][et_pb_text _builder_version=&#8221;4.27.6&#8243; _module_preset=&#8221;default&#8221; theme_builder_area=&#8221;post_content&#8221; hover_enabled=&#8221;0&#8243; sticky_enabled=&#8221;0&#8243;]<\/p>\n<p style=\"text-align: justify\"><span><strong>Sigurnost kao temelj medicinske struke<\/strong><\/span><span><strong>\u00a0<\/strong><\/span><\/p>\n<p style=\"text-align: justify\"><span>Radionica je zapo\u010dela uvodnim razmatranjem o specifi\u010dnim rizicima s kojima se zdravstveni radnici svakodnevno suo\u010davaju. Senior ambasadori istaknuli su zabrinjavaju\u0107u statistiku: zdravstvo je jedan od sektora s najvi\u0161om stopom bolovanja zbog izrazitih tjelesnih i psihi\u010dkih napora. Kroz interaktivnu prezentaciju, u\u010denici su upoznati s tri klju\u010dna pojma:\u00a0<strong>opasnostima<\/strong>\u00a0(poput uboda na iglu),\u00a0<strong>\u0161tetnostima<\/strong>\u00a0(poput virusa ili citostatika) te\u00a0<strong>naporima<\/strong>\u00a0(poput smjenskog rada i podizanja pacijenata).\u00a0<\/span><span>\u00a0<\/span><\/p>\n<p style=\"text-align: justify\"><span>U\u010denici su saznali da njihova prava i obveze nisu samo lokalno pitanje, ve\u0107 dio \u0161ireg europskog okvira. Hrvatski Zakon o za\u0161titi na radu izravno proizlazi iz europske Okvirne direktive 89\/391\/EEZ, koja svim radnicima u Europskoj uniji jam\u010di jednaku razinu za\u0161tite. Poseban naglasak stavljen je na Direktivu 2010\/32\/EU, \u010diji je cilj sprje\u010davanje ozljeda o\u0161trim predmetima u bolnicama, \u0161to je od kriti\u010dne va\u017enosti za medicinsko osoblje.\u00a0<\/span><span>\u00a0<\/span><\/p>\n<p style=\"text-align: justify\"><span>Junior ambasadori Mateo i Vanessa pribli\u017eili su kolegama njihova temeljna prava jednostavnim jezikom:<\/span><span>\u00a0<\/span><\/p>\n<ul style=\"text-align: justify\">\n<li><span><strong>Pravo na za\u0161titnu opremu: <\/strong><\/span><span>Poslodavac je du\u017ean osigurati besplatna sredstva poput rukavica, maski i vizira.\u00a0<\/span><span>\u00a0<\/span><\/li>\n<li><span><strong>Pravo na osposobljavanje: <\/strong><\/span><span>Bolnica mora nau\u010diti svakog djelatnika kako sigurno obavljati radne zadatke.\u00a0<\/span><span>\u00a0<\/span><\/li>\n<li><span><strong>Pravo na odbijanje rada: <\/strong><\/span><span>Radnik smije odbiti zadatak ako situacija neposredno ugro\u017eava njegov \u017eivot ili zdravlje.\u00a0<\/span><span>\u00a0<\/span><\/li>\n<\/ul>\n<p style=\"text-align: justify\"><span><strong>Analiza stvarnih situacija kroz timski rad<\/strong><\/span><span><strong>\u00a0<\/strong><\/span><\/p>\n<p style=\"text-align: justify\"><span>Sredi\u0161nji dio susreta bio je rad u pet skupina, pri \u010demu je svaka skupina analizirala specifi\u010dan, stvarni slu\u010daj iz medicinske svakodnevice. U\u010denici su kroz metodu analize slu\u010daja rje\u0161avali kompleksne probleme:\u00a0<\/span><span>\u00a0<\/span><\/p>\n<ol style=\"text-align: justify\">\n<li><span><strong>Ubodni incident: <\/strong><\/span><span>Raspravljalo se o strogoj zabrani vra\u0107anja igle u kapicu (&#8220;recapping&#8221;) i obvezi kori\u0161tenja sigurnosnih igala prema EU standardima.\u00a0<\/span><span>\u00a0<\/span><\/li>\n<li><span><strong>Podizanje pacijenta: <\/strong><\/span><span>U\u010denici su nau\u010dili da se pacijenti te\u017ei od 25 kg ne smiju podizati samostalno, ve\u0107 uz pomo\u0107 pomagala ili kolega, kako bi se sprije\u010dile ozljede kralje\u017enice.\u00a0<\/span><span>\u00a0<\/span><\/li>\n<li><span><strong>Izlo\u017eenost kemikalijama: <\/strong><\/span><span>Posebna pa\u017enja posve\u0107ena je radu s citostaticima na onkologiji, gdje je obvezno kori\u0161tenje specifi\u010dne za\u0161titne opreme i rad u sigurnosnim kabinetima.\u00a0<\/span><span>\u00a0<\/span><\/li>\n<li><span><strong>Agresivan pacijent: <\/strong><\/span><span>Nagla\u0161eno je da nasilje na radnom mjestu nije &#8220;dio posla&#8221; te da su bolnice du\u017ene osigurati protokole za\u0161tite i podr\u0161ku osoblju.\u00a0<\/span><span>\u00a0<\/span><\/li>\n<li><span><strong>Sindrom izgaranja (burnout): <\/strong><\/span><span>Kao psihosocijalni rizik, izgaranje na radu prepoznato je kao ozbiljan problem koji zahtijeva sustavnu podr\u0161ku, rotaciju osoblja i brigu o mentalnom zdravlju.\u00a0<\/span><span>\u00a0<\/span><\/li>\n<\/ol>\n<p style=\"text-align: justify\"><span><strong>\u201ePet pravila sigurne sestre\u201c kao trajni podsjetnik<\/strong><\/span><span><strong>\u00a0<\/strong><\/span><\/p>\n<p style=\"text-align: justify\"><span>Kao produkt suradnje i kreativnog rada, u\u010denici su izradili digitalne infografike i letke. Zajedni\u010dki su formulirali \u201e<strong>Pet pravila sigurne sestre\/tehni\u010dara\u201c<\/strong>\u00a0koja \u0107e slu\u017eiti kao trajni podsjetnik u njihovoj budu\u0107oj praksi:\u00a0<\/span><span>\u00a0<\/span><\/p>\n<ul style=\"text-align: justify\">\n<li><span><strong>Znaj i pitaj o svim opasnostima: <\/strong><\/span><span>Informiranost je prvi korak za\u0161tite.\u00a0<\/span><span>\u00a0<\/span><\/li>\n<li><span><strong>Dosljedno koristi za\u0161titu: <\/strong><\/span><span>\u017durba nikada ne smije biti izgovor za neno\u0161enje rukavica ili maski.\u00a0<\/span><span>\u00a0<\/span><\/li>\n<li><span><strong>Ne budi heroj na svoju \u0161tetu: <\/strong><\/span><span>Siguran transfer pacijenta \u0161titi i radnika i bolesnika.\u00a0<\/span><span>\u00a0<\/span><\/li>\n<li><span><strong>Prijavi svaki incident odmah i pisano: <\/strong><\/span><span>\u0160utnja o ozljedama ko\u0161ta zdravlja u budu\u0107nosti.\u00a0<\/span><span>\u00a0<\/span><\/li>\n<li><span><strong>Vlastita briga je temelj brige za pacijenta: <\/strong><\/span><span>Samo zdrav i siguran radnik mo\u017ee pru\u017eiti vrhunsku njegu.\u00a0<\/span><span>\u00a0<\/span><\/li>\n<\/ul>\n<p style=\"text-align: justify\"><span><strong>Zaklju\u010dak: Europske vrijednosti u praksi<\/strong><\/span><span><strong>\u00a0<\/strong><\/span><\/p>\n<p style=\"text-align: justify\"><span>Ova radionica, odr\u017eana u Europskom<\/span><span>\u00a0tjednu mladih, uo\u010di Tjedna Europe, pokazala je kako suradnja razli\u010ditih strukovnih \u0161kola unutar EPAS programa oboga\u0107uje obrazovni proces. Vi\u0161e o aktivnostima\u00a0Ekonomsko-birotehni\u010dke\u00a0\u0161kole\u00a0u Tjednu mladih,\u00a0registriranim kao 2-tjedno doga\u0111anje\u00a0\u201e<\/span><span>From Present Youths to the Future World (EPAS, Europe Day)\u201d<\/span><span>\u00a0na Europskoj platformi za mlade,\u00a0<\/span><span>mo\u017eete\u00a0<\/span><span>pro\u010ditati na poveznici\u00a0<\/span><a href=\"https:\/\/youth.europa.eu\/youthweek\/activities\/present-youths-future-world-epas-europe-day_hr\"><span><em>https:\/\/youth.europa.eu\/youthweek\/activities\/present-youths-future-world-epas-europe-day_hr<\/em><\/span><\/a><span>.\u00a0<\/span><span>\u00a0<\/span><\/p>\n<p style=\"text-align: justify\"><span>Dok u\u010denici Ekonomsko-birotehni\u010dke \u0161kole bruse svoje vje\u0161tine u podru\u010dju nacionalnog i europskog prava, u\u010denici Medicinske \u0161kole dobivaju neprocjenjive uvide u sigurnost svoje budu\u0107e profesije.<\/span><span>\u00a0<\/span><\/p>\n<p style=\"text-align: justify\"><span>Dvije brodske \u0161kole\u00a0poslale su jasnu poruku: informiran radnik jest siguran radnik. Suradnja na projektu &#8220;Tko brine o onome tko brine?&#8221; dokaz je da se europske vrijednosti solidarnosti, za\u0161tite ljudskih prava i dostojanstva najbolje u\u010de kroz zajedni\u010dki rad, dijalog i razmjenu znanja.<\/span><span>\u00a0<\/span><\/p>\n<p style=\"text-align: right\">\u00a0Ivan Dev\u010di\u0107, mag. iur. i Ivana Opa\u010dak, prof.<\/p>\n<p>[\/et_pb_text][\/et_pb_column][\/et_pb_row][\/et_pb_section]<\/p>\n","protected":false},"excerpt":{"rendered":"<p>U duhu europske solidarnosti i me\u0111u\u0161kolskog povezivanja,\u00a0senior ambasadori EP-a iz Ekonomsko-birotehni\u010dke \u0161kole, Slavonski Brod, odr\u017eali su edukativnu radionicu za u\u010denike\u00a04. razreda Srednje medicinske \u0161kole (smjer Medicinska sestra\/ Medicinski tehni\u010dar). Tema za\u0161tite na radu i prava zdravstvenih djelatnika u EU-u okupila je budu\u0107e stru\u010dnjake ususret Tjednu Europe.\u00a0 28. travnja 2026. obilje\u017eava se Svjetski dan sigurnosti i [&hellip;]<\/p>\n","protected":false},"author":826,"featured_media":0,"comment_status":"closed","ping_status":"closed","sticky":false,"template":"","format":"standard","meta":{"_et_pb_use_builder":"on","_et_pb_old_content":"","_et_gb_content_width":"","footnotes":""},"categories":[58,38],"tags":[],"class_list":["post-310083","post","type-post","status-publish","format-standard","hentry","category-epas","category-vijesti"],"_links":{"self":[{"href":"https:\/\/ss-ekonomsko-birotehnicka-sb.skole.hr\/index.php?rest_route=\/wp\/v2\/posts\/310083","targetHints":{"allow":["GET"]}}],"collection":[{"href":"https:\/\/ss-ekonomsko-birotehnicka-sb.skole.hr\/index.php?rest_route=\/wp\/v2\/posts"}],"about":[{"href":"https:\/\/ss-ekonomsko-birotehnicka-sb.skole.hr\/index.php?rest_route=\/wp\/v2\/types\/post"}],"author":[{"embeddable":true,"href":"https:\/\/ss-ekonomsko-birotehnicka-sb.skole.hr\/index.php?rest_route=\/wp\/v2\/users\/826"}],"replies":[{"embeddable":true,"href":"https:\/\/ss-ekonomsko-birotehnicka-sb.skole.hr\/index.php?rest_route=%2Fwp%2Fv2%2Fcomments&post=310083"}],"version-history":[{"count":3,"href":"https:\/\/ss-ekonomsko-birotehnicka-sb.skole.hr\/index.php?rest_route=\/wp\/v2\/posts\/310083\/revisions"}],"predecessor-version":[{"id":310125,"href":"https:\/\/ss-ekonomsko-birotehnicka-sb.skole.hr\/index.php?rest_route=\/wp\/v2\/posts\/310083\/revisions\/310125"}],"wp:attachment":[{"href":"https:\/\/ss-ekonomsko-birotehnicka-sb.skole.hr\/index.php?rest_route=%2Fwp%2Fv2%2Fmedia&parent=310083"}],"wp:term":[{"taxonomy":"category","embeddable":true,"href":"https:\/\/ss-ekonomsko-birotehnicka-sb.skole.hr\/index.php?rest_route=%2Fwp%2Fv2%2Fcategories&post=310083"},{"taxonomy":"post_tag","embeddable":true,"href":"https:\/\/ss-ekonomsko-birotehnicka-sb.skole.hr\/index.php?rest_route=%2Fwp%2Fv2%2Ftags&post=310083"}],"curies":[{"name":"wp","href":"https:\/\/api.w.org\/{rel}","templated":true}]}}