{"id":312049,"date":"2026-09-02T12:56:57","date_gmt":"2026-09-02T10:56:57","guid":{"rendered":"https:\/\/ss-ekonomsko-birotehnicka-sb.skole.hr\/?p=312049"},"modified":"2026-09-02T12:56:57","modified_gmt":"2026-09-02T10:56:57","slug":"obavijesti-o-pocetku-nastave-za-sk-god-2026-27","status":"publish","type":"post","link":"https:\/\/ss-ekonomsko-birotehnicka-sb.skole.hr\/?p=312049","title":{"rendered":"Obavijesti o po\u010detku nastave za \u0161k. \u00a0god. \u00a02026.\/27."},"content":{"rendered":"<p>[et_pb_section fb_built=&#8221;1&#8243; theme_builder_area=&#8221;post_content&#8221; _builder_version=&#8221;4.27.6&#8243; _module_preset=&#8221;default&#8221;][et_pb_row _builder_version=&#8221;4.27.6&#8243; _module_preset=&#8221;default&#8221; theme_builder_area=&#8221;post_content&#8221;][et_pb_column _builder_version=&#8221;4.27.6&#8243; _module_preset=&#8221;default&#8221; type=&#8221;4_4&#8243; theme_builder_area=&#8221;post_content&#8221;][et_pb_text _builder_version=&#8221;4.27.6&#8243; _module_preset=&#8221;default&#8221; theme_builder_area=&#8221;post_content&#8221; hover_enabled=&#8221;0&#8243; sticky_enabled=&#8221;0&#8243;]<\/p>\n<p style=\"text-align: justify\">Dana\u00a0<strong>7. rujna 2026.<\/strong>\u00a0po\u010dinje nastava za u\u010denike svih razreda.\u00a0<strong>Nastava toga dana po\u010dinje u 8:00 za sve u\u010denike i trajat \u0107e do 11:25.<\/strong><\/p>\n<p style=\"text-align: justify\"><strong>Ostale dane, od 8. rujna, nastava traje od 7:10 do 13:05.<\/strong><\/p>\n<p style=\"text-align: justify\"><strong>Prva dva sata<\/strong>\u00a0odr\u017eat \u0107e se sat razrednika, a\u00a0<strong>ostala dva sata<\/strong>\u00a0odr\u017eavat \u0107e se nastava predmeta kojeg u\u010denicima predaje njihov razrednik.<\/p>\n<p style=\"text-align: justify\">Svi u\u010denici trebaju ponijeti bilje\u017enicu i pribor za pisanje, a u\u010denici 2., 3. i 4. razreda trebaju donijeti i razrednu svjedod\u017ebu prethodno zavr\u0161enog razreda.<\/p>\n<p style=\"text-align: justify\"><strong>U\u010denike 1. razreda do\u010dekat \u0107e razrednici u predvorju \u0161kole.<\/strong><\/p>\n<p style=\"text-align: justify\"><strong><u>Popis kvalifikacija i razrednih odjela prvih razreda:<\/u><\/strong><strong><u><\/u><\/strong><\/p>\n<table border=\"1\" style=\"border-collapse: collapse;width: 41.2883%;height: 96px\">\n<tbody>\n<tr style=\"height: 24px\">\n<td style=\"width: 16.7206%;height: 24px\">1. a<\/td>\n<td style=\"width: 48.7735%;height: 24px\">referent za poslovnu ekonomiju<\/td>\n<\/tr>\n<tr style=\"height: 24px\">\n<td style=\"width: 16.7206%;height: 24px\">1. c, 1. d<\/td>\n<td style=\"width: 48.7735%;height: 24px\">upravno-poslovni referent<\/td>\n<\/tr>\n<tr style=\"height: 24px\">\n<td style=\"width: 16.7206%;height: 24px\">1. e, 1. g<\/td>\n<td style=\"width: 48.7735%;height: 24px\">turisti\u010dki tehni\u010dar destinacije<\/td>\n<\/tr>\n<tr style=\"height: 24px\">\n<td style=\"width: 16.7206%;height: 24px\">1. f<\/td>\n<td style=\"width: 48.7735%;height: 24px\">prodava\u010d<\/td>\n<\/tr>\n<\/tbody>\n<\/table>\n<p>&nbsp;<\/p>\n<p style=\"text-align: right\">v.d. ravnatelja, Mirna Vovk, prof.<\/p>\n<p>[\/et_pb_text][\/et_pb_column][\/et_pb_row][\/et_pb_section]<\/p>\n","protected":false},"excerpt":{"rendered":"<p>Dana\u00a07. rujna 2026.\u00a0po\u010dinje nastava za u\u010denike svih razreda.\u00a0Nastava toga dana po\u010dinje u 8:00 za sve u\u010denike i trajat \u0107e do 11:25. Ostale dane, od 8. rujna, nastava traje od 7:10 do 13:05. Prva dva sata\u00a0odr\u017eat \u0107e se sat razrednika, a\u00a0ostala dva sata\u00a0odr\u017eavat \u0107e se nastava predmeta kojeg u\u010denicima predaje njihov razrednik. Svi u\u010denici trebaju ponijeti [&hellip;]<\/p>\n","protected":false},"author":826,"featured_media":0,"comment_status":"closed","ping_status":"closed","sticky":false,"template":"","format":"standard","meta":{"_et_pb_use_builder":"on","_et_pb_old_content":"","_et_gb_content_width":"","footnotes":""},"categories":[38],"tags":[],"class_list":["post-312049","post","type-post","status-publish","format-standard","hentry","category-vijesti"],"_links":{"self":[{"href":"https:\/\/ss-ekonomsko-birotehnicka-sb.skole.hr\/index.php?rest_route=\/wp\/v2\/posts\/312049","targetHints":{"allow":["GET"]}}],"collection":[{"href":"https:\/\/ss-ekonomsko-birotehnicka-sb.skole.hr\/index.php?rest_route=\/wp\/v2\/posts"}],"about":[{"href":"https:\/\/ss-ekonomsko-birotehnicka-sb.skole.hr\/index.php?rest_route=\/wp\/v2\/types\/post"}],"author":[{"embeddable":true,"href":"https:\/\/ss-ekonomsko-birotehnicka-sb.skole.hr\/index.php?rest_route=\/wp\/v2\/users\/826"}],"replies":[{"embeddable":true,"href":"https:\/\/ss-ekonomsko-birotehnicka-sb.skole.hr\/index.php?rest_route=%2Fwp%2Fv2%2Fcomments&post=312049"}],"version-history":[{"count":2,"href":"https:\/\/ss-ekonomsko-birotehnicka-sb.skole.hr\/index.php?rest_route=\/wp\/v2\/posts\/312049\/revisions"}],"predecessor-version":[{"id":312058,"href":"https:\/\/ss-ekonomsko-birotehnicka-sb.skole.hr\/index.php?rest_route=\/wp\/v2\/posts\/312049\/revisions\/312058"}],"wp:attachment":[{"href":"https:\/\/ss-ekonomsko-birotehnicka-sb.skole.hr\/index.php?rest_route=%2Fwp%2Fv2%2Fmedia&parent=312049"}],"wp:term":[{"taxonomy":"category","embeddable":true,"href":"https:\/\/ss-ekonomsko-birotehnicka-sb.skole.hr\/index.php?rest_route=%2Fwp%2Fv2%2Fcategories&post=312049"},{"taxonomy":"post_tag","embeddable":true,"href":"https:\/\/ss-ekonomsko-birotehnicka-sb.skole.hr\/index.php?rest_route=%2Fwp%2Fv2%2Ftags&post=312049"}],"curies":[{"name":"wp","href":"https:\/\/api.w.org\/{rel}","templated":true}]}}